{"id":5707,"date":"2016-04-10T11:12:21","date_gmt":"2016-04-10T11:12:21","guid":{"rendered":"http:\/\/staging.ibermusicas.org\/?p=5707"},"modified":"2021-04-26T11:16:38","modified_gmt":"2021-04-26T11:16:38","slug":"el-colectivo-radiador-de-mexico-presenta-su-gira-prisma-en-argentina","status":"publish","type":"post","link":"http:\/\/staging.ibermusicas.org\/index.php\/el-colectivo-radiador-de-mexico-presenta-su-gira-prisma-en-argentina\/","title":{"rendered":"El COLECTIVO RADIADOR de M\u00e9xico presenta su GIRA PRISMA en Argentina"},"content":{"rendered":"<p>Radiador es un grupo de improvisaci\u00f3n sonora interesado en la creaci\u00f3n de proyectos con nuevos medios donde el sonido sea el protagonista y punto de cohesi\u00f3n con otras disciplinas que promuevan la experimentaci\u00f3n. Se presentar\u00e1n en el marco del Let It VJ, Festival de nuevos medios, m\u00fasica y arte en tiempo real el martes 19 de abril a las 20:00 en el Club Cultural Matienzo en Buenos Aires, Argentina. <\/p>\n","protected":false},"excerpt":{"rendered":"<p>Radiador es un grupo de improvisaci\u00f3n sonora interesado en la creaci\u00f3n de proyectos con nuevos medios donde el sonido sea el protagonista y punto de cohesi\u00f3n con otras disciplinas que promuevan la experimentaci\u00f3n. Se presentar\u00e1n en el marco del Let It VJ, Festival de nuevos medios, m\u00fasica y arte en tiempo real el martes 19 [&hellip;]<\/p>\n","protected":false},"author":1,"featured_media":5708,"comment_status":"closed","ping_status":"closed","sticky":false,"template":"","format":"standard","meta":{"footnotes":""},"categories":[53],"tags":[],"class_list":["post-5707","post","type-post","status-publish","format-standard","has-post-thumbnail","hentry","category-noticias-generales"],"lang":"es","translations":{"es":5707},"pll_sync_post":[],"post_mailing_queue_ids":[],"_links":{"self":[{"href":"http:\/\/staging.ibermusicas.org\/index.php\/wp-json\/wp\/v2\/posts\/5707","targetHints":{"allow":["GET"]}}],"collection":[{"href":"http:\/\/staging.ibermusicas.org\/index.php\/wp-json\/wp\/v2\/posts"}],"about":[{"href":"http:\/\/staging.ibermusicas.org\/index.php\/wp-json\/wp\/v2\/types\/post"}],"author":[{"embeddable":true,"href":"http:\/\/staging.ibermusicas.org\/index.php\/wp-json\/wp\/v2\/users\/1"}],"replies":[{"embeddable":true,"href":"http:\/\/staging.ibermusicas.org\/index.php\/wp-json\/wp\/v2\/comments?post=5707"}],"version-history":[{"count":1,"href":"http:\/\/staging.ibermusicas.org\/index.php\/wp-json\/wp\/v2\/posts\/5707\/revisions"}],"predecessor-version":[{"id":5709,"href":"http:\/\/staging.ibermusicas.org\/index.php\/wp-json\/wp\/v2\/posts\/5707\/revisions\/5709"}],"wp:featuredmedia":[{"embeddable":true,"href":"http:\/\/staging.ibermusicas.org\/index.php\/wp-json\/wp\/v2\/media\/5708"}],"wp:attachment":[{"href":"http:\/\/staging.ibermusicas.org\/index.php\/wp-json\/wp\/v2\/media?parent=5707"}],"wp:term":[{"taxonomy":"category","embeddable":true,"href":"http:\/\/staging.ibermusicas.org\/index.php\/wp-json\/wp\/v2\/categories?post=5707"},{"taxonomy":"post_tag","embeddable":true,"href":"http:\/\/staging.ibermusicas.org\/index.php\/wp-json\/wp\/v2\/tags?post=5707"}],"curies":[{"name":"wp","href":"https:\/\/api.w.org\/{rel}","templated":true}]}}