{"id":5710,"date":"2016-04-10T11:17:01","date_gmt":"2016-04-10T11:17:01","guid":{"rendered":"http:\/\/staging.ibermusicas.org\/?p=5710"},"modified":"2021-07-14T03:35:01","modified_gmt":"2021-07-14T03:35:01","slug":"el-lima-popfest-de-peru-recibe-a-la-banda-argentina-nubes-en-mi-casa","status":"publish","type":"post","link":"http:\/\/staging.ibermusicas.org\/index.php\/el-lima-popfest-de-peru-recibe-a-la-banda-argentina-nubes-en-mi-casa\/","title":{"rendered":"El LIMA POPFEST de Per\u00fa recibe a la banda argentina NUBES EN MI CASA"},"content":{"rendered":"<p>Siguiendo los pasos de los popfests de Madrid, Berl\u00edn, Glasgow, NY, San Francisco y otras ciudades del mundo el LiSiguiendo los pasos de los popfests de Madrid, Berl\u00edn, Glasgow, NY, San Francisco y otras ciudades del mundo el Lima Popfest, desde el 2014 existe el Lima Popfest que el 30 de abril realizar\u00e1 su cuarta edici\u00f3n. ma Popfest, desde el 2014 existe el Lima Popfest que el 30 de abril realizar\u00e1 su cuarta edici\u00f3n.<\/p>\n","protected":false},"excerpt":{"rendered":"<p>Siguiendo los pasos de los popfests de Madrid, Berl\u00edn, Glasgow, NY, San Francisco y otras ciudades del mundo el LiSiguiendo los pasos de los popfests de Madrid, Berl\u00edn, Glasgow, NY, San Francisco y otras ciudades del mundo el Lima Popfest, desde el 2014 existe el Lima Popfest que el 30 de abril realizar\u00e1 su cuarta [&hellip;]<\/p>\n","protected":false},"author":1,"featured_media":5713,"comment_status":"closed","ping_status":"closed","sticky":false,"template":"","format":"standard","meta":{"footnotes":""},"categories":[53],"tags":[],"class_list":["post-5710","post","type-post","status-publish","format-standard","has-post-thumbnail","hentry","category-noticias-generales"],"lang":"es","translations":{"es":5710},"pll_sync_post":[],"post_mailing_queue_ids":[],"_links":{"self":[{"href":"http:\/\/staging.ibermusicas.org\/index.php\/wp-json\/wp\/v2\/posts\/5710","targetHints":{"allow":["GET"]}}],"collection":[{"href":"http:\/\/staging.ibermusicas.org\/index.php\/wp-json\/wp\/v2\/posts"}],"about":[{"href":"http:\/\/staging.ibermusicas.org\/index.php\/wp-json\/wp\/v2\/types\/post"}],"author":[{"embeddable":true,"href":"http:\/\/staging.ibermusicas.org\/index.php\/wp-json\/wp\/v2\/users\/1"}],"replies":[{"embeddable":true,"href":"http:\/\/staging.ibermusicas.org\/index.php\/wp-json\/wp\/v2\/comments?post=5710"}],"version-history":[{"count":2,"href":"http:\/\/staging.ibermusicas.org\/index.php\/wp-json\/wp\/v2\/posts\/5710\/revisions"}],"predecessor-version":[{"id":8529,"href":"http:\/\/staging.ibermusicas.org\/index.php\/wp-json\/wp\/v2\/posts\/5710\/revisions\/8529"}],"wp:featuredmedia":[{"embeddable":true,"href":"http:\/\/staging.ibermusicas.org\/index.php\/wp-json\/wp\/v2\/media\/5713"}],"wp:attachment":[{"href":"http:\/\/staging.ibermusicas.org\/index.php\/wp-json\/wp\/v2\/media?parent=5710"}],"wp:term":[{"taxonomy":"category","embeddable":true,"href":"http:\/\/staging.ibermusicas.org\/index.php\/wp-json\/wp\/v2\/categories?post=5710"},{"taxonomy":"post_tag","embeddable":true,"href":"http:\/\/staging.ibermusicas.org\/index.php\/wp-json\/wp\/v2\/tags?post=5710"}],"curies":[{"name":"wp","href":"https:\/\/api.w.org\/{rel}","templated":true}]}}