{"id":5717,"date":"2016-05-26T11:57:23","date_gmt":"2016-05-26T11:57:23","guid":{"rendered":"http:\/\/staging.ibermusicas.org\/?p=5717"},"modified":"2021-04-26T12:03:40","modified_gmt":"2021-04-26T12:03:40","slug":"el-grupo-de-percusion-safa-de-mexico-sera-parte-de-la-programacion-del-festival-internacional-de-cajon-peruano-3","status":"publish","type":"post","link":"http:\/\/staging.ibermusicas.org\/index.php\/el-grupo-de-percusion-safa-de-mexico-sera-parte-de-la-programacion-del-festival-internacional-de-cajon-peruano-3\/","title":{"rendered":"El grupo de percusi\u00f3n SAFA de M\u00e9xico ser\u00e1 parte de la programaci\u00f3n del FESTIVAL INTERNACIONAL DE CAJ\u00d3N PERUANO"},"content":{"rendered":"<p>Safa, es un grupo de percusi\u00f3n de c\u00e1mara asentado en Culiac\u00e1n, estado de Sinaloa. Est\u00e1 integrado por tres m\u00fasicos profesionales con formaci\u00f3n cl\u00e1sica que, desde 2007, comparten el gusto por emprender proyectos y hacer m\u00fasica. <\/p>\n","protected":false},"excerpt":{"rendered":"<p>Safa, es un grupo de percusi\u00f3n de c\u00e1mara asentado en Culiac\u00e1n, estado de Sinaloa. Est\u00e1 integrado por tres m\u00fasicos profesionales con formaci\u00f3n cl\u00e1sica que, desde 2007, comparten el gusto por emprender proyectos y hacer m\u00fasica.<\/p>\n","protected":false},"author":1,"featured_media":5718,"comment_status":"closed","ping_status":"closed","sticky":false,"template":"","format":"standard","meta":{"footnotes":""},"categories":[53],"tags":[],"class_list":["post-5717","post","type-post","status-publish","format-standard","has-post-thumbnail","hentry","category-noticias-generales"],"lang":"es","translations":{"es":5717},"pll_sync_post":[],"post_mailing_queue_ids":[],"_links":{"self":[{"href":"http:\/\/staging.ibermusicas.org\/index.php\/wp-json\/wp\/v2\/posts\/5717","targetHints":{"allow":["GET"]}}],"collection":[{"href":"http:\/\/staging.ibermusicas.org\/index.php\/wp-json\/wp\/v2\/posts"}],"about":[{"href":"http:\/\/staging.ibermusicas.org\/index.php\/wp-json\/wp\/v2\/types\/post"}],"author":[{"embeddable":true,"href":"http:\/\/staging.ibermusicas.org\/index.php\/wp-json\/wp\/v2\/users\/1"}],"replies":[{"embeddable":true,"href":"http:\/\/staging.ibermusicas.org\/index.php\/wp-json\/wp\/v2\/comments?post=5717"}],"version-history":[{"count":2,"href":"http:\/\/staging.ibermusicas.org\/index.php\/wp-json\/wp\/v2\/posts\/5717\/revisions"}],"predecessor-version":[{"id":5736,"href":"http:\/\/staging.ibermusicas.org\/index.php\/wp-json\/wp\/v2\/posts\/5717\/revisions\/5736"}],"wp:featuredmedia":[{"embeddable":true,"href":"http:\/\/staging.ibermusicas.org\/index.php\/wp-json\/wp\/v2\/media\/5718"}],"wp:attachment":[{"href":"http:\/\/staging.ibermusicas.org\/index.php\/wp-json\/wp\/v2\/media?parent=5717"}],"wp:term":[{"taxonomy":"category","embeddable":true,"href":"http:\/\/staging.ibermusicas.org\/index.php\/wp-json\/wp\/v2\/categories?post=5717"},{"taxonomy":"post_tag","embeddable":true,"href":"http:\/\/staging.ibermusicas.org\/index.php\/wp-json\/wp\/v2\/tags?post=5717"}],"curies":[{"name":"wp","href":"https:\/\/api.w.org\/{rel}","templated":true}]}}