{"id":5924,"date":"2021-05-04T18:18:35","date_gmt":"2021-05-04T18:18:35","guid":{"rendered":"http:\/\/staging.ibermusicas.org\/?p=5924"},"modified":"2021-06-01T17:50:39","modified_gmt":"2021-06-01T17:50:39","slug":"la-artista-cubana-arema-arega-realizo-el-lanzamiento-de-su-tema-soy-que-fuera-uno-de-los-ganadores-de-nuestro-premio-de-creacion-de-cancion-2020","status":"publish","type":"post","link":"http:\/\/staging.ibermusicas.org\/index.php\/la-artista-cubana-arema-arega-realizo-el-lanzamiento-de-su-tema-soy-que-fuera-uno-de-los-ganadores-de-nuestro-premio-de-creacion-de-cancion-2020\/","title":{"rendered":"A artista cubana Arema Arega lan\u00e7ou sua can\u00e7\u00e3o \u201cSoy\u201d, que foi uma das vencedoras do Pr\u00eamio de Cria\u00e7\u00e3o de Can\u00e7\u00e3o 2020"},"content":{"rendered":"<p>Al\u00e9m de compositora, cantora e produtora musical, Arema Arega \u00e9 uma designadora muito talentosoa. Neste trabalho ela combina sua qualidade musical com uma obra pl\u00e1stica muito fina criando uma obra integral muito bonita que \u00e9 altamente recomend\u00e1vel abordar.<\/p>\n<p><a href=\"https:\/\/lt.mydplr.com\/1feb0b91c642df48f717abe7c8dee0b7-81868bec073b3970fa62af291f12b42d\" target=\"_blank\" rel=\"noopener\" data-saferedirecturl=\"https:\/\/www.google.com\/url?q=https:\/\/lt.mydplr.com\/1feb0b91c642df48f717abe7c8dee0b7-81868bec073b3970fa62af291f12b42d&amp;source=gmail&amp;ust=1620236472635000&amp;usg=AFQjCNHYfnC35F-mO3604YYsVJrB00QDJQ\">www.youtube.com<\/a><\/p>\n","protected":false},"excerpt":{"rendered":"<p>Al\u00e9m de compositora, cantora e produtora musical, Arema Arega \u00e9 uma designadora muito talentosoa. Neste trabalho ela combina sua qualidade musical com uma obra pl\u00e1stica muito fina criando uma obra integral muito bonita que \u00e9 altamente recomend\u00e1vel abordar. www.youtube.com<\/p>\n","protected":false},"author":1,"featured_media":5925,"comment_status":"closed","ping_status":"closed","sticky":false,"template":"","format":"standard","meta":{"footnotes":""},"categories":[218],"tags":[],"class_list":["post-5924","post","type-post","status-publish","format-standard","has-post-thumbnail","hentry","category-noticias-generales-pt"],"lang":"pt","translations":{"pt":5924,"es":5927},"pll_sync_post":[],"post_mailing_queue_ids":[],"_links":{"self":[{"href":"http:\/\/staging.ibermusicas.org\/index.php\/wp-json\/wp\/v2\/posts\/5924","targetHints":{"allow":["GET"]}}],"collection":[{"href":"http:\/\/staging.ibermusicas.org\/index.php\/wp-json\/wp\/v2\/posts"}],"about":[{"href":"http:\/\/staging.ibermusicas.org\/index.php\/wp-json\/wp\/v2\/types\/post"}],"author":[{"embeddable":true,"href":"http:\/\/staging.ibermusicas.org\/index.php\/wp-json\/wp\/v2\/users\/1"}],"replies":[{"embeddable":true,"href":"http:\/\/staging.ibermusicas.org\/index.php\/wp-json\/wp\/v2\/comments?post=5924"}],"version-history":[{"count":2,"href":"http:\/\/staging.ibermusicas.org\/index.php\/wp-json\/wp\/v2\/posts\/5924\/revisions"}],"predecessor-version":[{"id":5928,"href":"http:\/\/staging.ibermusicas.org\/index.php\/wp-json\/wp\/v2\/posts\/5924\/revisions\/5928"}],"wp:featuredmedia":[{"embeddable":true,"href":"http:\/\/staging.ibermusicas.org\/index.php\/wp-json\/wp\/v2\/media\/5925"}],"wp:attachment":[{"href":"http:\/\/staging.ibermusicas.org\/index.php\/wp-json\/wp\/v2\/media?parent=5924"}],"wp:term":[{"taxonomy":"category","embeddable":true,"href":"http:\/\/staging.ibermusicas.org\/index.php\/wp-json\/wp\/v2\/categories?post=5924"},{"taxonomy":"post_tag","embeddable":true,"href":"http:\/\/staging.ibermusicas.org\/index.php\/wp-json\/wp\/v2\/tags?post=5924"}],"curies":[{"name":"wp","href":"https:\/\/api.w.org\/{rel}","templated":true}]}}