{"id":5927,"date":"2021-05-04T18:20:47","date_gmt":"2021-05-04T18:20:47","guid":{"rendered":"http:\/\/staging.ibermusicas.org\/?p=5927"},"modified":"2021-06-01T17:48:20","modified_gmt":"2021-06-01T17:48:20","slug":"la-artista-cubana-arema-arega-realizo-el-lanzamiento-de-su-tema-soy-que-fuera-uno-de-los-ganadores-de-nuestro-premio-de-creacion-de-cancion-2020-2","status":"publish","type":"post","link":"http:\/\/staging.ibermusicas.org\/index.php\/la-artista-cubana-arema-arega-realizo-el-lanzamiento-de-su-tema-soy-que-fuera-uno-de-los-ganadores-de-nuestro-premio-de-creacion-de-cancion-2020-2\/","title":{"rendered":"La artista cubana Arema Arega realiz\u00f3 el lanzamiento de su tema \u201cSoy\u201d que fuera uno de los ganadores de nuestro Premio de Creaci\u00f3n de Canci\u00f3n 2020"},"content":{"rendered":"<p>Adem\u00e1s de compositora, cantante y productora musical, Arema Arega es una muy talentosa dibujante. En este trabajo a\u00fana su calidad musical con un fin\u00edsimo trabajo pl\u00e1stico creando una obra integral muy bella a la cual resulta muy recomendable acercarse.<\/p>\n<p><a href=\"https:\/\/lt.mydplr.com\/1feb0b91c642df48f717abe7c8dee0b7-81868bec073b3970fa62af291f12b42d\" target=\"_blank\" rel=\"noopener\" data-saferedirecturl=\"https:\/\/www.google.com\/url?q=https:\/\/lt.mydplr.com\/1feb0b91c642df48f717abe7c8dee0b7-81868bec073b3970fa62af291f12b42d&amp;source=gmail&amp;ust=1620236472635000&amp;usg=AFQjCNHYfnC35F-mO3604YYsVJrB00QDJQ\">www.youtube.com<\/a><\/p>\n","protected":false},"excerpt":{"rendered":"<p>Adem\u00e1s de compositora, cantante y productora musical, Arema Arega es una muy talentosa dibujante. En este trabajo a\u00fana su calidad musical con un fin\u00edsimo trabajo pl\u00e1stico creando una obra integral muy bella a la cual resulta muy recomendable acercarse. www.youtube.com<\/p>\n","protected":false},"author":1,"featured_media":5925,"comment_status":"closed","ping_status":"closed","sticky":false,"template":"","format":"standard","meta":{"footnotes":""},"categories":[53],"tags":[],"class_list":["post-5927","post","type-post","status-publish","format-standard","has-post-thumbnail","hentry","category-noticias-generales"],"lang":"es","translations":{"es":5927,"pt":5924},"pll_sync_post":[],"post_mailing_queue_ids":[],"_links":{"self":[{"href":"http:\/\/staging.ibermusicas.org\/index.php\/wp-json\/wp\/v2\/posts\/5927","targetHints":{"allow":["GET"]}}],"collection":[{"href":"http:\/\/staging.ibermusicas.org\/index.php\/wp-json\/wp\/v2\/posts"}],"about":[{"href":"http:\/\/staging.ibermusicas.org\/index.php\/wp-json\/wp\/v2\/types\/post"}],"author":[{"embeddable":true,"href":"http:\/\/staging.ibermusicas.org\/index.php\/wp-json\/wp\/v2\/users\/1"}],"replies":[{"embeddable":true,"href":"http:\/\/staging.ibermusicas.org\/index.php\/wp-json\/wp\/v2\/comments?post=5927"}],"version-history":[{"count":1,"href":"http:\/\/staging.ibermusicas.org\/index.php\/wp-json\/wp\/v2\/posts\/5927\/revisions"}],"predecessor-version":[{"id":5929,"href":"http:\/\/staging.ibermusicas.org\/index.php\/wp-json\/wp\/v2\/posts\/5927\/revisions\/5929"}],"wp:featuredmedia":[{"embeddable":true,"href":"http:\/\/staging.ibermusicas.org\/index.php\/wp-json\/wp\/v2\/media\/5925"}],"wp:attachment":[{"href":"http:\/\/staging.ibermusicas.org\/index.php\/wp-json\/wp\/v2\/media?parent=5927"}],"wp:term":[{"taxonomy":"category","embeddable":true,"href":"http:\/\/staging.ibermusicas.org\/index.php\/wp-json\/wp\/v2\/categories?post=5927"},{"taxonomy":"post_tag","embeddable":true,"href":"http:\/\/staging.ibermusicas.org\/index.php\/wp-json\/wp\/v2\/tags?post=5927"}],"curies":[{"name":"wp","href":"https:\/\/api.w.org\/{rel}","templated":true}]}}