{"id":5933,"date":"2021-05-04T18:27:50","date_gmt":"2021-05-04T18:27:50","guid":{"rendered":"http:\/\/staging.ibermusicas.org\/?p=5933"},"modified":"2021-06-01T17:50:32","modified_gmt":"2021-06-01T17:50:32","slug":"ligiana-costa-e-nu-naked-universe-do-brasil-faziam-parte-da-programacao-do-festival-valsa-na-primaveraligiana-costa-y-nu-naked-universe-de-brasil-fueron-parte-de-la-programacion","status":"publish","type":"post","link":"http:\/\/staging.ibermusicas.org\/index.php\/ligiana-costa-e-nu-naked-universe-do-brasil-faziam-parte-da-programacao-do-festival-valsa-na-primaveraligiana-costa-y-nu-naked-universe-de-brasil-fueron-parte-de-la-programacion\/","title":{"rendered":"Ligiana Costa e NU (Naked Universe) do Brasil faziam parte da programa\u00e7\u00e3o do festival \u201cValsa na Primavera\u201dLigiana Costa y NU (Naked Universe) de Brasil fueron parte de la programaci\u00f3n del festival \u201cValsa na Primavera\u201d"},"content":{"rendered":"<p>Nada como bailar uma valsa virtual e cheia de amor para comemorar a chegada da primavera no hemisf\u00e9rio norte. E, para embalar essa sua dan\u00e7a, o festival online \u201cValsa na Primavera\u201d tem um mont\u00e3o de live shows incr\u00edveis.<\/p>\n<p>Um dos destaques dessa festa \u00e9 a cantora Ligiana Costa, que apresenta o show \u201cEVA (Errante Voz Ativa)\u201d, uma ode \u00e0s mulheres e \u00e0 multiplicidade das vozes femininas. Ela ainda mostra seu projeto de musica experimental NU (Naked Universe), ao lado do produtor Edson Secco. Os dois gravaram o trabalho no meio de um bambuzal, na sede da companhia Taanteatro.<\/p>\n<p>A programa\u00e7\u00e3o ainda conta com lives de Carne Doce, Bruno Capinan, Luana Carvalho, Rafael Rocha, Haema e IZem. O festival, que tamb\u00e9m \u00e9 transmitido em Portugal, \u00e9 organizado por Marina Ginde, Mariana Serafim, Ligiana Costa e Mercedes Trist\u00e3o.<\/p>\n<p>S\u00e1bado, 1\u00ba de maio a partir das 15 horas e domingo, 2 de maio a partir das 15 horas.<\/p>\n<p>Em IGTV @valsavalsavalsa, Youtube @ VALSA e\u00a0<a href=\"https:\/\/lt.mydplr.com\/f8be0a4081d767fdf4507ca885070311-81868bec073b3970fa62af291f12b42d\" target=\"_blank\" rel=\"noopener\" data-saferedirecturl=\"https:\/\/www.google.com\/url?q=https:\/\/lt.mydplr.com\/f8be0a4081d767fdf4507ca885070311-81868bec073b3970fa62af291f12b42d&amp;source=gmail&amp;ust=1620236472635000&amp;usg=AFQjCNEyKX52YQMuw6tpd6H80WJDw1dXEQ\">www.rtp.pt<\/a><\/p>\n","protected":false},"excerpt":{"rendered":"<p>Nada como bailar uma valsa virtual e cheia de amor para comemorar a chegada da primavera no hemisf\u00e9rio norte. E, para embalar essa sua dan\u00e7a, o festival online \u201cValsa na Primavera\u201d tem um mont\u00e3o de live shows incr\u00edveis. Um dos destaques dessa festa \u00e9 a cantora Ligiana Costa, que apresenta o show \u201cEVA (Errante Voz [&hellip;]<\/p>\n","protected":false},"author":1,"featured_media":5931,"comment_status":"closed","ping_status":"closed","sticky":false,"template":"","format":"standard","meta":{"footnotes":""},"categories":[218],"tags":[],"class_list":["post-5933","post","type-post","status-publish","format-standard","has-post-thumbnail","hentry","category-noticias-generales-pt"],"lang":"pt","translations":{"pt":5933,"es":5930},"pll_sync_post":[],"post_mailing_queue_ids":[],"_links":{"self":[{"href":"http:\/\/staging.ibermusicas.org\/index.php\/wp-json\/wp\/v2\/posts\/5933","targetHints":{"allow":["GET"]}}],"collection":[{"href":"http:\/\/staging.ibermusicas.org\/index.php\/wp-json\/wp\/v2\/posts"}],"about":[{"href":"http:\/\/staging.ibermusicas.org\/index.php\/wp-json\/wp\/v2\/types\/post"}],"author":[{"embeddable":true,"href":"http:\/\/staging.ibermusicas.org\/index.php\/wp-json\/wp\/v2\/users\/1"}],"replies":[{"embeddable":true,"href":"http:\/\/staging.ibermusicas.org\/index.php\/wp-json\/wp\/v2\/comments?post=5933"}],"version-history":[{"count":1,"href":"http:\/\/staging.ibermusicas.org\/index.php\/wp-json\/wp\/v2\/posts\/5933\/revisions"}],"predecessor-version":[{"id":5934,"href":"http:\/\/staging.ibermusicas.org\/index.php\/wp-json\/wp\/v2\/posts\/5933\/revisions\/5934"}],"wp:featuredmedia":[{"embeddable":true,"href":"http:\/\/staging.ibermusicas.org\/index.php\/wp-json\/wp\/v2\/media\/5931"}],"wp:attachment":[{"href":"http:\/\/staging.ibermusicas.org\/index.php\/wp-json\/wp\/v2\/media?parent=5933"}],"wp:term":[{"taxonomy":"category","embeddable":true,"href":"http:\/\/staging.ibermusicas.org\/index.php\/wp-json\/wp\/v2\/categories?post=5933"},{"taxonomy":"post_tag","embeddable":true,"href":"http:\/\/staging.ibermusicas.org\/index.php\/wp-json\/wp\/v2\/tags?post=5933"}],"curies":[{"name":"wp","href":"https:\/\/api.w.org\/{rel}","templated":true}]}}