{"id":5938,"date":"2021-05-04T18:31:51","date_gmt":"2021-05-04T18:31:51","guid":{"rendered":"http:\/\/staging.ibermusicas.org\/?p=5938"},"modified":"2021-06-01T17:50:26","modified_gmt":"2021-06-01T17:50:26","slug":"chega-um-rosto-na-cancao-quinto-capitulo-de-remolino-a-programacao-do-centro-cultural-la-luna-naranja-em-santa-clara-cuba","status":"publish","type":"post","link":"http:\/\/staging.ibermusicas.org\/index.php\/chega-um-rosto-na-cancao-quinto-capitulo-de-remolino-a-programacao-do-centro-cultural-la-luna-naranja-em-santa-clara-cuba\/","title":{"rendered":"Chega \u00abUm rosto na can\u00e7\u00e3o\u00bb, quinto cap\u00edtulo de Remolino, a programa\u00e7\u00e3o do Centro Cultural La Luna Naranja em Santa Clara, Cuba"},"content":{"rendered":"<p>L\u00e1zaro Garc\u00eda \u00e9 natural de Cienfuegos. Ele \u00e9 o fundador do movimento Nueva Trova junto com Pablo Milan\u00e9s, Silvio Rodr\u00edguez, Vicente Feli\u00fa, Noel Nicola e outros. Ele \u00e9 um homem humilde feito de poesia.<\/p>\n<p>Neste novo n\u00famero de Remolino, o cen\u00e1rio \u00e9 o p\u00e1tio de sua casa onde uma luz azul vem da uni\u00e3o entre o mar e c\u00e9u. L\u00e1zaro fala de trovadores e povos, d\u00e1 palestras h\u00e1 quase 73 anos que o fazem refer\u00eancia se em Cuba o a hist\u00f3ria da trova vai ser contada.<\/p>\n<p>Uno \u00e9, ele garante, uma soma do que aprendeu, do que ouviu, do que lhe contaram, a m\u00fasica que o ajudou a dormir ou se apaixonar e, gera\u00e7\u00e3o ap\u00f3s gera\u00e7\u00e3o, engrossa sua mochila e usa todas as influ\u00eancias de seu arsenal criativo e a parte mais dif\u00edcil para um \u00e9 personalizar esse trabalho com esses ingredientes e torn\u00e1-lo seu. Somos assim, temos a mochila carregada e torn\u00e1-la nossa \u00e9 um dever porque tamb\u00e9m estamos enriquecendo a pr\u00f3pria mem\u00f3ria do nosso pa\u00eds.<\/p>\n<p><a href=\"https:\/\/lt.mydplr.com\/8e16368e20d1461a87567877bd4901db-81868bec073b3970fa62af291f12b42d\" target=\"_blank\" rel=\"noopener\" data-saferedirecturl=\"https:\/\/www.google.com\/url?q=https:\/\/lt.mydplr.com\/8e16368e20d1461a87567877bd4901db-81868bec073b3970fa62af291f12b42d&amp;source=gmail&amp;ust=1620236472636000&amp;usg=AFQjCNHHq2_VhW2yY9vfa-sWhPD8Rfgw3g\">www.youtube.com<\/a><\/p>\n","protected":false},"excerpt":{"rendered":"<p>L\u00e1zaro Garc\u00eda \u00e9 natural de Cienfuegos. Ele \u00e9 o fundador do movimento Nueva Trova junto com Pablo Milan\u00e9s, Silvio Rodr\u00edguez, Vicente Feli\u00fa, Noel Nicola e outros. Ele \u00e9 um homem humilde feito de poesia. Neste novo n\u00famero de Remolino, o cen\u00e1rio \u00e9 o p\u00e1tio de sua casa onde uma luz azul vem da uni\u00e3o entre [&hellip;]<\/p>\n","protected":false},"author":1,"featured_media":5936,"comment_status":"closed","ping_status":"closed","sticky":false,"template":"","format":"standard","meta":{"footnotes":""},"categories":[218],"tags":[],"class_list":["post-5938","post","type-post","status-publish","format-standard","has-post-thumbnail","hentry","category-noticias-generales-pt"],"lang":"pt","translations":{"pt":5938,"es":5935},"pll_sync_post":[],"post_mailing_queue_ids":[],"_links":{"self":[{"href":"http:\/\/staging.ibermusicas.org\/index.php\/wp-json\/wp\/v2\/posts\/5938","targetHints":{"allow":["GET"]}}],"collection":[{"href":"http:\/\/staging.ibermusicas.org\/index.php\/wp-json\/wp\/v2\/posts"}],"about":[{"href":"http:\/\/staging.ibermusicas.org\/index.php\/wp-json\/wp\/v2\/types\/post"}],"author":[{"embeddable":true,"href":"http:\/\/staging.ibermusicas.org\/index.php\/wp-json\/wp\/v2\/users\/1"}],"replies":[{"embeddable":true,"href":"http:\/\/staging.ibermusicas.org\/index.php\/wp-json\/wp\/v2\/comments?post=5938"}],"version-history":[{"count":1,"href":"http:\/\/staging.ibermusicas.org\/index.php\/wp-json\/wp\/v2\/posts\/5938\/revisions"}],"predecessor-version":[{"id":5939,"href":"http:\/\/staging.ibermusicas.org\/index.php\/wp-json\/wp\/v2\/posts\/5938\/revisions\/5939"}],"wp:featuredmedia":[{"embeddable":true,"href":"http:\/\/staging.ibermusicas.org\/index.php\/wp-json\/wp\/v2\/media\/5936"}],"wp:attachment":[{"href":"http:\/\/staging.ibermusicas.org\/index.php\/wp-json\/wp\/v2\/media?parent=5938"}],"wp:term":[{"taxonomy":"category","embeddable":true,"href":"http:\/\/staging.ibermusicas.org\/index.php\/wp-json\/wp\/v2\/categories?post=5938"},{"taxonomy":"post_tag","embeddable":true,"href":"http:\/\/staging.ibermusicas.org\/index.php\/wp-json\/wp\/v2\/tags?post=5938"}],"curies":[{"name":"wp","href":"https:\/\/api.w.org\/{rel}","templated":true}]}}