{"id":5945,"date":"2021-05-04T18:44:53","date_gmt":"2021-05-04T18:44:53","guid":{"rendered":"http:\/\/staging.ibermusicas.org\/?p=5945"},"modified":"2021-06-01T17:47:49","modified_gmt":"2021-06-01T17:47:49","slug":"el-cmmas-de-mexico-continua-con-su-ciclo-perspectivas-sonoras-2021","status":"publish","type":"post","link":"http:\/\/staging.ibermusicas.org\/index.php\/el-cmmas-de-mexico-continua-con-su-ciclo-perspectivas-sonoras-2021\/","title":{"rendered":"El CMMAS de M\u00e9xico contin\u00faa con su ciclo Perspectivas Sonoras 2021"},"content":{"rendered":"<p>Perspectivas Sonoras 2021 es un ciclo de conciertos y conferencias que se desarrolla de abril a septiembre del a\u00f1o 2021 de forma virtual por el Centro Mexicano para la M\u00fasica y las Artes Sonoras, CMMAS.<\/p>\n<p>Desde la fundaci\u00f3n del Centro Mexicano para la M\u00fasica y las Artes Sonoras, CMMAS en 2006, se ha trabajado para contribuir al desarrollo musical y sonoro tanto en M\u00e9xico como a nivel internacional. A trav\u00e9s de sus programas de acci\u00f3n, fomenta la creaci\u00f3n, promociona y difunde la obra de artistas y creadores mexicanos y extranjeros, emergentes y con amplia trayectoria; provoca la formaci\u00f3n de p\u00fablicos a trav\u00e9s de programas para ni\u00f1os y j\u00f3venes y p\u00fablico en general y contribuye a la formaci\u00f3n especializada en temas actuales e indispensables para la creaci\u00f3n y desarrollo profesional.<\/p>\n<p>Perspectivas Sonoras contin\u00faa las actividades de difusi\u00f3n, promoci\u00f3n y fomento a la creaci\u00f3n de m\u00fasica y arte sonoro, presentando el trabajo de artistas latinoamericanos.<\/p>\n<p>Los conciertos presentados para el mes de mayo son los siguientes:<\/p>\n<p>Concierto virtual Perspectivas Sonoras \/ 3 Artista: Roc\u00edo Yllescas Jacobo (M\u00e9xico) 14 de mayo 2021, 20:00 hs. (hora de M\u00e9xico)<br \/>\nConcierto virtual Perspectivas Sonoras \/ 4 Artistas: \u00d3NIX Ensamble DUPLUM Clarinete: Fernando Dom\u00ednguez, Percusiones: Iv\u00e1n Manzanilla, Solistas de \u00d3NIX\/\u00d3NIX Ensamble. 21 de mayo 2021, 20:00 hs. (hora de M\u00e9xico)<br \/>\nViernes 14 y 21 de mayo a las 20:00 hs. (hora de M\u00e9xico)<br \/>\nTransmitido por el canal de YouTube del CMMAS:\u00a0<a href=\"https:\/\/lt.mydplr.com\/1a6772ba7eb3edadef19ca9d4ef06610-81868bec073b3970fa62af291f12b42d\" target=\"_blank\" rel=\"noopener\" data-saferedirecturl=\"https:\/\/www.google.com\/url?q=https:\/\/lt.mydplr.com\/1a6772ba7eb3edadef19ca9d4ef06610-81868bec073b3970fa62af291f12b42d&amp;source=gmail&amp;ust=1620236472636000&amp;usg=AFQjCNGrFzWfc0xL6JEE8S2rA1P8R7pQSw\">www.youtube.com<\/a><\/p>\n","protected":false},"excerpt":{"rendered":"<p>Perspectivas Sonoras 2021 es un ciclo de conciertos y conferencias que se desarrolla de abril a septiembre del a\u00f1o 2021 de forma virtual por el Centro Mexicano para la M\u00fasica y las Artes Sonoras, CMMAS. Desde la fundaci\u00f3n del Centro Mexicano para la M\u00fasica y las Artes Sonoras, CMMAS en 2006, se ha trabajado para [&hellip;]<\/p>\n","protected":false},"author":1,"featured_media":5946,"comment_status":"closed","ping_status":"closed","sticky":false,"template":"","format":"standard","meta":{"footnotes":""},"categories":[53],"tags":[],"class_list":["post-5945","post","type-post","status-publish","format-standard","has-post-thumbnail","hentry","category-noticias-generales"],"lang":"es","translations":{"es":5945,"pt":5948},"pll_sync_post":[],"post_mailing_queue_ids":[],"_links":{"self":[{"href":"http:\/\/staging.ibermusicas.org\/index.php\/wp-json\/wp\/v2\/posts\/5945","targetHints":{"allow":["GET"]}}],"collection":[{"href":"http:\/\/staging.ibermusicas.org\/index.php\/wp-json\/wp\/v2\/posts"}],"about":[{"href":"http:\/\/staging.ibermusicas.org\/index.php\/wp-json\/wp\/v2\/types\/post"}],"author":[{"embeddable":true,"href":"http:\/\/staging.ibermusicas.org\/index.php\/wp-json\/wp\/v2\/users\/1"}],"replies":[{"embeddable":true,"href":"http:\/\/staging.ibermusicas.org\/index.php\/wp-json\/wp\/v2\/comments?post=5945"}],"version-history":[{"count":1,"href":"http:\/\/staging.ibermusicas.org\/index.php\/wp-json\/wp\/v2\/posts\/5945\/revisions"}],"predecessor-version":[{"id":5947,"href":"http:\/\/staging.ibermusicas.org\/index.php\/wp-json\/wp\/v2\/posts\/5945\/revisions\/5947"}],"wp:featuredmedia":[{"embeddable":true,"href":"http:\/\/staging.ibermusicas.org\/index.php\/wp-json\/wp\/v2\/media\/5946"}],"wp:attachment":[{"href":"http:\/\/staging.ibermusicas.org\/index.php\/wp-json\/wp\/v2\/media?parent=5945"}],"wp:term":[{"taxonomy":"category","embeddable":true,"href":"http:\/\/staging.ibermusicas.org\/index.php\/wp-json\/wp\/v2\/categories?post=5945"},{"taxonomy":"post_tag","embeddable":true,"href":"http:\/\/staging.ibermusicas.org\/index.php\/wp-json\/wp\/v2\/tags?post=5945"}],"curies":[{"name":"wp","href":"https:\/\/api.w.org\/{rel}","templated":true}]}}