{"id":5948,"date":"2021-05-04T18:55:40","date_gmt":"2021-05-04T18:55:40","guid":{"rendered":"http:\/\/staging.ibermusicas.org\/?p=5948"},"modified":"2021-06-01T17:50:13","modified_gmt":"2021-06-01T17:50:13","slug":"o-cmmas-do-mexico-continua-com-seu-ciclo-perspectivas-sonoras-2021","status":"publish","type":"post","link":"http:\/\/staging.ibermusicas.org\/index.php\/o-cmmas-do-mexico-continua-com-seu-ciclo-perspectivas-sonoras-2021\/","title":{"rendered":"O CMMAS do M\u00e9xico continua com seu ciclo Perspectivas Sonoras 2021"},"content":{"rendered":"<p>Perspectivas Sonoras 2021 \u00e9 um ciclo de concertos e confer\u00eancias que se desenvolve de abril a setembro do ano 2021 de forma virtual pelo Centro Mexicano para a M\u00fasica e as Artes Sonoras, CMMAS.<\/p>\n<p>Desde a funda\u00e7\u00e3o do Centro Mexicano para a M\u00fasica e as Artes Sonoras, CMMAS em 2006, trabalhou-se para contribuir para o desenvolvimento musical e sonoro tanto no M\u00e9xico como em n\u00edvel internacional. Atrav\u00e9s de seus programas de a\u00e7\u00e3o, fomenta a cria\u00e7\u00e3o, promove e difunde a obra de artistas e criadores mexicanos e estrangeiros, emergentes e com ampla trajet\u00f3ria; promove a forma\u00e7\u00e3o do p\u00fablico atrav\u00e9s de programas para crian\u00e7as e jovens e do p\u00fablico em geral e contribui para a forma\u00e7\u00e3o especializada em temas actuais e indispens\u00e1veis para a cria\u00e7\u00e3o e o desenvolvimento profissional.<\/p>\n<p>Perspectivas Sonoras continua as atividades de difus\u00e3o, promo\u00e7\u00e3o e fomento \u00e0 cria\u00e7\u00e3o de m\u00fasica e arte sonora, apresentando o trabalho de artistas latino-americanos.<\/p>\n<p>Os concertos apresentados para o m\u00eas de Maio s\u00e3o os seguintes:<\/p>\n<p>Concerto virtual Perspectivas Sonoras \/ 3 Artista: Roc\u00edo Yllescas Jacobo (M\u00e9xico) 14 de maio de 2021, 20:00 hs. (hora M\u00e9xico)<br \/>\nConcerto virtual Perspectivas Sonoras \/ 4 Artistas: \u00d3NIX Ensamble DUPLUM Clarinete: Fernando Dom\u00ednguez, Percuss\u00f5es: Ivan Camomila, Solistas de \u00d3NIX\/\u00d3NIX Ensamble. 21 de maio de 2021, 20:00 hs. (hora M\u00e9xico)<br \/>\nSexta-feira 14 e 21 de Maio \u00e0s 20:00 hs. (hora M\u00e9xico)<br \/>\nTransmitido pelo canal do YouTube do CMMAS:\u00a0<a href=\"https:\/\/lt.mydplr.com\/1a6772ba7eb3edadef19ca9d4ef06610-81868bec073b3970fa62af291f12b42d\" target=\"_blank\" rel=\"noopener\" data-saferedirecturl=\"https:\/\/www.google.com\/url?q=https:\/\/lt.mydplr.com\/1a6772ba7eb3edadef19ca9d4ef06610-81868bec073b3970fa62af291f12b42d&amp;source=gmail&amp;ust=1620240888268000&amp;usg=AFQjCNERwDgrXmBsM75Fzjr2BGYNZsE6eA\">www.youtube.com<\/a><\/p>\n","protected":false},"excerpt":{"rendered":"<p>Perspectivas Sonoras 2021 \u00e9 um ciclo de concertos e confer\u00eancias que se desenvolve de abril a setembro do ano 2021 de forma virtual pelo Centro Mexicano para a M\u00fasica e as Artes Sonoras, CMMAS. Desde a funda\u00e7\u00e3o do Centro Mexicano para a M\u00fasica e as Artes Sonoras, CMMAS em 2006, trabalhou-se para contribuir para o [&hellip;]<\/p>\n","protected":false},"author":1,"featured_media":5946,"comment_status":"closed","ping_status":"closed","sticky":false,"template":"","format":"standard","meta":{"footnotes":""},"categories":[218],"tags":[],"class_list":["post-5948","post","type-post","status-publish","format-standard","has-post-thumbnail","hentry","category-noticias-generales-pt"],"lang":"pt","translations":{"pt":5948,"es":5945},"pll_sync_post":[],"post_mailing_queue_ids":[],"_links":{"self":[{"href":"http:\/\/staging.ibermusicas.org\/index.php\/wp-json\/wp\/v2\/posts\/5948","targetHints":{"allow":["GET"]}}],"collection":[{"href":"http:\/\/staging.ibermusicas.org\/index.php\/wp-json\/wp\/v2\/posts"}],"about":[{"href":"http:\/\/staging.ibermusicas.org\/index.php\/wp-json\/wp\/v2\/types\/post"}],"author":[{"embeddable":true,"href":"http:\/\/staging.ibermusicas.org\/index.php\/wp-json\/wp\/v2\/users\/1"}],"replies":[{"embeddable":true,"href":"http:\/\/staging.ibermusicas.org\/index.php\/wp-json\/wp\/v2\/comments?post=5948"}],"version-history":[{"count":1,"href":"http:\/\/staging.ibermusicas.org\/index.php\/wp-json\/wp\/v2\/posts\/5948\/revisions"}],"predecessor-version":[{"id":5949,"href":"http:\/\/staging.ibermusicas.org\/index.php\/wp-json\/wp\/v2\/posts\/5948\/revisions\/5949"}],"wp:featuredmedia":[{"embeddable":true,"href":"http:\/\/staging.ibermusicas.org\/index.php\/wp-json\/wp\/v2\/media\/5946"}],"wp:attachment":[{"href":"http:\/\/staging.ibermusicas.org\/index.php\/wp-json\/wp\/v2\/media?parent=5948"}],"wp:term":[{"taxonomy":"category","embeddable":true,"href":"http:\/\/staging.ibermusicas.org\/index.php\/wp-json\/wp\/v2\/categories?post=5948"},{"taxonomy":"post_tag","embeddable":true,"href":"http:\/\/staging.ibermusicas.org\/index.php\/wp-json\/wp\/v2\/tags?post=5948"}],"curies":[{"name":"wp","href":"https:\/\/api.w.org\/{rel}","templated":true}]}}