{"id":5979,"date":"2021-05-05T16:27:24","date_gmt":"2021-05-05T16:27:24","guid":{"rendered":"http:\/\/staging.ibermusicas.org\/?p=5979"},"modified":"2021-06-01T17:50:05","modified_gmt":"2021-06-01T17:50:05","slug":"somos-uno-realizo-su-primer-programa-tendiendo-un-puente-entre-el-tango-de-colombia-y-argentina-2","status":"publish","type":"post","link":"http:\/\/staging.ibermusicas.org\/index.php\/somos-uno-realizo-su-primer-programa-tendiendo-un-puente-entre-el-tango-de-colombia-y-argentina-2\/","title":{"rendered":"\u00abSomos Uno\u00bb realizou seu primeiro programa estendendo uma ponte entre o tango da Col\u00f4mbia e a Argentina"},"content":{"rendered":"<p>A artista colombiana Carmen \u00dasuga cria o projeto Somos um em que convoca um grupo de artistas independentes de grande trajet\u00f3ria no mundo do tango da Col\u00f4mbia e Argentina para realizar um encontro de saberes e compartilhar com o p\u00fablico novas composi\u00e7\u00f5es neste g\u00eanero que irmana ambos os pa\u00edses.<\/p>\n<p>A proposta une v\u00e1rias express\u00f5es art\u00edsticas: canto, m\u00fasica, poesia e dan\u00e7a. O projeto expressa que Somos um com a arte, que n\u00e3o importam as dist\u00e2ncias, que a integra\u00e7\u00e3o \u00e9 fundamental para o crescimento dos indiv\u00edduos, que a uni\u00e3o fortalece, potencia e difunde este g\u00eanero t\u00e3o arraigado em nossos pa\u00edses.<\/p>\n<p>Programa j\u00e1 emitido:\u00a0<a href=\"https:\/\/lt.mydplr.com\/9815e3268f379f1c5b50f0c33e819ce4-81868bec073b3970fa62af291f12b42d\" target=\"_blank\" rel=\"noopener\" data-saferedirecturl=\"https:\/\/www.google.com\/url?q=https:\/\/lt.mydplr.com\/9815e3268f379f1c5b50f0c33e819ce4-81868bec073b3970fa62af291f12b42d&amp;source=gmail&amp;ust=1620317916244000&amp;usg=AFQjCNGRuQkZ6XFZRfoJPAotv5IDbBR1jA\">www.youtube.com<\/a><br \/>\nPr\u00f3ximos programas: 1 de Maio e 22 de Maio \u00e0s 18:00 da Col\u00f4mbia em:\u00a0<a href=\"https:\/\/lt.mydplr.com\/a85b370a3ee29124886c2f209fd51933-81868bec073b3970fa62af291f12b42d\" target=\"_blank\" rel=\"noopener\" data-saferedirecturl=\"https:\/\/www.google.com\/url?q=https:\/\/lt.mydplr.com\/a85b370a3ee29124886c2f209fd51933-81868bec073b3970fa62af291f12b42d&amp;source=gmail&amp;ust=1620317916245000&amp;usg=AFQjCNFvgEqqraOJt_RRLTyg9asV13LShw\">www.youtube.com<\/a><\/p>\n","protected":false},"excerpt":{"rendered":"<p>A artista colombiana Carmen \u00dasuga cria o projeto Somos um em que convoca um grupo de artistas independentes de grande trajet\u00f3ria no mundo do tango da Col\u00f4mbia e Argentina para realizar um encontro de saberes e compartilhar com o p\u00fablico novas composi\u00e7\u00f5es neste g\u00eanero que irmana ambos os pa\u00edses. A proposta une v\u00e1rias express\u00f5es art\u00edsticas: [&hellip;]<\/p>\n","protected":false},"author":1,"featured_media":5482,"comment_status":"closed","ping_status":"closed","sticky":false,"template":"","format":"standard","meta":{"footnotes":""},"categories":[218],"tags":[],"class_list":["post-5979","post","type-post","status-publish","format-standard","has-post-thumbnail","hentry","category-noticias-generales-pt"],"lang":"pt","translations":{"pt":5979,"es":5976},"pll_sync_post":[],"post_mailing_queue_ids":[],"_links":{"self":[{"href":"http:\/\/staging.ibermusicas.org\/index.php\/wp-json\/wp\/v2\/posts\/5979","targetHints":{"allow":["GET"]}}],"collection":[{"href":"http:\/\/staging.ibermusicas.org\/index.php\/wp-json\/wp\/v2\/posts"}],"about":[{"href":"http:\/\/staging.ibermusicas.org\/index.php\/wp-json\/wp\/v2\/types\/post"}],"author":[{"embeddable":true,"href":"http:\/\/staging.ibermusicas.org\/index.php\/wp-json\/wp\/v2\/users\/1"}],"replies":[{"embeddable":true,"href":"http:\/\/staging.ibermusicas.org\/index.php\/wp-json\/wp\/v2\/comments?post=5979"}],"version-history":[{"count":3,"href":"http:\/\/staging.ibermusicas.org\/index.php\/wp-json\/wp\/v2\/posts\/5979\/revisions"}],"predecessor-version":[{"id":5982,"href":"http:\/\/staging.ibermusicas.org\/index.php\/wp-json\/wp\/v2\/posts\/5979\/revisions\/5982"}],"wp:featuredmedia":[{"embeddable":true,"href":"http:\/\/staging.ibermusicas.org\/index.php\/wp-json\/wp\/v2\/media\/5482"}],"wp:attachment":[{"href":"http:\/\/staging.ibermusicas.org\/index.php\/wp-json\/wp\/v2\/media?parent=5979"}],"wp:term":[{"taxonomy":"category","embeddable":true,"href":"http:\/\/staging.ibermusicas.org\/index.php\/wp-json\/wp\/v2\/categories?post=5979"},{"taxonomy":"post_tag","embeddable":true,"href":"http:\/\/staging.ibermusicas.org\/index.php\/wp-json\/wp\/v2\/tags?post=5979"}],"curies":[{"name":"wp","href":"https:\/\/api.w.org\/{rel}","templated":true}]}}