{"id":5988,"date":"2021-05-05T16:35:12","date_gmt":"2021-05-05T16:35:12","guid":{"rendered":"http:\/\/staging.ibermusicas.org\/?p=5988"},"modified":"2021-06-01T17:47:23","modified_gmt":"2021-06-01T17:47:23","slug":"llega-desde-chile-la-5-fiesta-pensante-organizada-por-el-centro-juvenil-y-cultural-flowrida-escuela","status":"publish","type":"post","link":"http:\/\/staging.ibermusicas.org\/index.php\/llega-desde-chile-la-5-fiesta-pensante-organizada-por-el-centro-juvenil-y-cultural-flowrida-escuela\/","title":{"rendered":"Llega desde Chile la \u201c5\u00b0 Fiesta Pensante\u201d organizada por el centro juvenil y cultural Flowrida Escuela"},"content":{"rendered":"<p>\u201cFlowrida Escuela\u201d es una agrupaci\u00f3n integrada por diversos artistas, m\u00fasicos, productores, raperos y j\u00f3venes de la comuna de la Florida, Santiago de Chile, con ganas de generar proyectos que aporten a la creaci\u00f3n de nuevas y mejores oportunidades y espacios para el desarrollo de la cultura y las artes.<\/p>\n<p>Tienen por objetivos: 1. Incentivar y potenciar la cultura en la comuna, as\u00ed como la m\u00fasica, el baile, el muralismo y las artes en general. 2. Abrir espacios de conocimiento y recreaci\u00f3n para los j\u00f3venes. 3. Llevar a un nivel profesional las actividades y producciones que se generen con la organizaci\u00f3n. 4. Generar y entregar un mensaje de conciencia social, ambiental y cultural a la comunidad. 5. Conocer y generar redes con otras agrupaciones sociales de la comuna como de otros lugares de Santiago y de Chile.<\/p>\n<p>La 5\u00b0 Fiesta Pensante se realizar\u00e1 por primera vez en formato virtual con la participaci\u00f3n de artistas chilenos y organizaciones HipHop internacionales.<\/p>\n<p>15 de mayo desde las 18:00 (Hora de Chile) transmitiendo en vivo por Instagram y Facebook<\/p>\n","protected":false},"excerpt":{"rendered":"<p>\u201cFlowrida Escuela\u201d es una agrupaci\u00f3n integrada por diversos artistas, m\u00fasicos, productores, raperos y j\u00f3venes de la comuna de la Florida, Santiago de Chile, con ganas de generar proyectos que aporten a la creaci\u00f3n de nuevas y mejores oportunidades y espacios para el desarrollo de la cultura y las artes. Tienen por objetivos: 1. Incentivar y [&hellip;]<\/p>\n","protected":false},"author":1,"featured_media":5989,"comment_status":"closed","ping_status":"closed","sticky":false,"template":"","format":"standard","meta":{"footnotes":""},"categories":[53],"tags":[],"class_list":["post-5988","post","type-post","status-publish","format-standard","has-post-thumbnail","hentry","category-noticias-generales"],"lang":"es","translations":{"es":5988,"pt":5991},"pll_sync_post":[],"post_mailing_queue_ids":[],"_links":{"self":[{"href":"http:\/\/staging.ibermusicas.org\/index.php\/wp-json\/wp\/v2\/posts\/5988","targetHints":{"allow":["GET"]}}],"collection":[{"href":"http:\/\/staging.ibermusicas.org\/index.php\/wp-json\/wp\/v2\/posts"}],"about":[{"href":"http:\/\/staging.ibermusicas.org\/index.php\/wp-json\/wp\/v2\/types\/post"}],"author":[{"embeddable":true,"href":"http:\/\/staging.ibermusicas.org\/index.php\/wp-json\/wp\/v2\/users\/1"}],"replies":[{"embeddable":true,"href":"http:\/\/staging.ibermusicas.org\/index.php\/wp-json\/wp\/v2\/comments?post=5988"}],"version-history":[{"count":1,"href":"http:\/\/staging.ibermusicas.org\/index.php\/wp-json\/wp\/v2\/posts\/5988\/revisions"}],"predecessor-version":[{"id":5990,"href":"http:\/\/staging.ibermusicas.org\/index.php\/wp-json\/wp\/v2\/posts\/5988\/revisions\/5990"}],"wp:featuredmedia":[{"embeddable":true,"href":"http:\/\/staging.ibermusicas.org\/index.php\/wp-json\/wp\/v2\/media\/5989"}],"wp:attachment":[{"href":"http:\/\/staging.ibermusicas.org\/index.php\/wp-json\/wp\/v2\/media?parent=5988"}],"wp:term":[{"taxonomy":"category","embeddable":true,"href":"http:\/\/staging.ibermusicas.org\/index.php\/wp-json\/wp\/v2\/categories?post=5988"},{"taxonomy":"post_tag","embeddable":true,"href":"http:\/\/staging.ibermusicas.org\/index.php\/wp-json\/wp\/v2\/tags?post=5988"}],"curies":[{"name":"wp","href":"https:\/\/api.w.org\/{rel}","templated":true}]}}