{"id":5994,"date":"2021-05-05T16:47:10","date_gmt":"2021-05-05T16:47:10","guid":{"rendered":"http:\/\/staging.ibermusicas.org\/?p=5994"},"modified":"2021-06-01T17:47:16","modified_gmt":"2021-06-01T17:47:16","slug":"desde-bogota-colombia-comienza-el-ciclo-cambalache-con-diversas-propuestas-en-torno-a-las-musicas-afrocubanas-y-afrocolombianas","status":"publish","type":"post","link":"http:\/\/staging.ibermusicas.org\/index.php\/desde-bogota-colombia-comienza-el-ciclo-cambalache-con-diversas-propuestas-en-torno-a-las-musicas-afrocubanas-y-afrocolombianas\/","title":{"rendered":"Desde Bogot\u00e1, Colombia, comienza el ciclo Cambalach\u00e9 con diversas propuestas en torno a las m\u00fasicas Afrocubanas y Afrocolombianas"},"content":{"rendered":"<p>Del 3 de mayo al 15 de junio Cambalach\u00e9 llevar\u00e1 adelante su Encuentro M\u00fasico &#8211; Cultural entre Colombia y Cuba: Di\u00e1logos de la tradici\u00f3n con creatividad.<\/p>\n<p>Habr\u00e1 talleres de m\u00fasica afrocubana, ponencias, workshops y laboratorios creativos.<\/p>\n<p>\u2022 Laboratorio de m\u00fasicas del Caribe Colombiano con Mar\u00eda Jos\u00e9 Salgado de Colombia<br \/>\n\u2022 Laboratorio de m\u00fasicas del Pac\u00edfico Colombiano con Antonio Guevara de Colombia<br \/>\n\u2022 Laboratorio de m\u00fasicas del Cono Sur con Rafa Lozina de Argentina<br \/>\n\u2022 Taller de m\u00fasica Afro Cubana con Ariel Ferm\u00edn Casanova de Cuba<br \/>\n\u2022 Workshop pensamiento creativo a partir de las M\u00fasicas Colombiana a cargo de Ana Mar\u00eda Oramas de Colombia<br \/>\n\u2022 Workshop Una mirada arm\u00f3nica a la M\u00fasica Afrolatina a cargo de C\u00e9sar Criales de Colombia<br \/>\n\u2022 Workshop Rastreando las Claves R\u00edtmicas Colombianas a cargo de Pedro Ojeda de Colombia<br \/>\n\u2022 Workshop Taller de Arreglos y Composici\u00f3n Vocal a cargo de Leidy Montilla de Colombia<br \/>\n\u2022 Workshop Danza Afrocubana y Afrocolombiana a cargo de Jairo Cuero de Colombia<\/p>\n","protected":false},"excerpt":{"rendered":"<p>Del 3 de mayo al 15 de junio Cambalach\u00e9 llevar\u00e1 adelante su Encuentro M\u00fasico &#8211; Cultural entre Colombia y Cuba: Di\u00e1logos de la tradici\u00f3n con creatividad. Habr\u00e1 talleres de m\u00fasica afrocubana, ponencias, workshops y laboratorios creativos. \u2022 Laboratorio de m\u00fasicas del Caribe Colombiano con Mar\u00eda Jos\u00e9 Salgado de Colombia \u2022 Laboratorio de m\u00fasicas del Pac\u00edfico [&hellip;]<\/p>\n","protected":false},"author":1,"featured_media":5995,"comment_status":"closed","ping_status":"closed","sticky":false,"template":"","format":"standard","meta":{"footnotes":""},"categories":[53],"tags":[],"class_list":["post-5994","post","type-post","status-publish","format-standard","has-post-thumbnail","hentry","category-noticias-generales"],"lang":"es","translations":{"es":5994,"pt":5997},"pll_sync_post":[],"post_mailing_queue_ids":[],"_links":{"self":[{"href":"http:\/\/staging.ibermusicas.org\/index.php\/wp-json\/wp\/v2\/posts\/5994","targetHints":{"allow":["GET"]}}],"collection":[{"href":"http:\/\/staging.ibermusicas.org\/index.php\/wp-json\/wp\/v2\/posts"}],"about":[{"href":"http:\/\/staging.ibermusicas.org\/index.php\/wp-json\/wp\/v2\/types\/post"}],"author":[{"embeddable":true,"href":"http:\/\/staging.ibermusicas.org\/index.php\/wp-json\/wp\/v2\/users\/1"}],"replies":[{"embeddable":true,"href":"http:\/\/staging.ibermusicas.org\/index.php\/wp-json\/wp\/v2\/comments?post=5994"}],"version-history":[{"count":1,"href":"http:\/\/staging.ibermusicas.org\/index.php\/wp-json\/wp\/v2\/posts\/5994\/revisions"}],"predecessor-version":[{"id":5996,"href":"http:\/\/staging.ibermusicas.org\/index.php\/wp-json\/wp\/v2\/posts\/5994\/revisions\/5996"}],"wp:featuredmedia":[{"embeddable":true,"href":"http:\/\/staging.ibermusicas.org\/index.php\/wp-json\/wp\/v2\/media\/5995"}],"wp:attachment":[{"href":"http:\/\/staging.ibermusicas.org\/index.php\/wp-json\/wp\/v2\/media?parent=5994"}],"wp:term":[{"taxonomy":"category","embeddable":true,"href":"http:\/\/staging.ibermusicas.org\/index.php\/wp-json\/wp\/v2\/categories?post=5994"},{"taxonomy":"post_tag","embeddable":true,"href":"http:\/\/staging.ibermusicas.org\/index.php\/wp-json\/wp\/v2\/tags?post=5994"}],"curies":[{"name":"wp","href":"https:\/\/api.w.org\/{rel}","templated":true}]}}