{"id":5997,"date":"2021-05-05T16:50:16","date_gmt":"2021-05-05T16:50:16","guid":{"rendered":"http:\/\/staging.ibermusicas.org\/?p=5997"},"modified":"2021-06-01T17:49:45","modified_gmt":"2021-06-01T17:49:45","slug":"de-bogota-colombia-comeca-o-ciclo-cambalache-com-diversas-propostas-em-torno-das-musicas-afrocubanas-e-afrocolombianas","status":"publish","type":"post","link":"http:\/\/staging.ibermusicas.org\/index.php\/de-bogota-colombia-comeca-o-ciclo-cambalache-com-diversas-propostas-em-torno-das-musicas-afrocubanas-e-afrocolombianas\/","title":{"rendered":"De Bogot\u00e1, Col\u00f4mbia, come\u00e7a o ciclo Cambalach\u00e9 com diversas propostas em torno das m\u00fasicas Afrocubanas e Afrocolombianas"},"content":{"rendered":"<p>De 3 de maio a 15 de junho Cambalach\u00e9 levar\u00e1 adiante seu Encontro M\u00fasico &#8211; Cultural entre Col\u00f4mbia e Cuba: Di\u00e1logos da tradi\u00e7\u00e3o com criatividade.<\/p>\n<p>Haver\u00e1 oficinas de m\u00fasica afro-cubana, palestras, workshops e laborat\u00f3rios criativos.<\/p>\n<p>\u2022 Laboratorio de m\u00fasica do Caribe Colombiano com Mar\u00eda Jos\u00e9 Salgado de Colombia<br \/>\n\u2022 Laboratorio de m\u00fasica do Pac\u00edfico Colombiano com Antonio Guevara de Colombia<br \/>\n\u2022 Laboratorio de m\u00fasica do Cone Sul com Rafa Lozina de Argentina<br \/>\n\u2022 Oficina de m\u00fasica Afro Cubana com Ariel Ferm\u00edn Casanova de Cuba<br \/>\n\u2022 Workshop pensamento criativo a partir da M\u00fasica Colombiana por Ana Maria Oramas da Col\u00f4mbia<br \/>\n\u2022 Workshop Um olhar harm\u00f4nico para a M\u00fasica Afrolatina por C\u00e9sar Criales de Colombia<br \/>\n\u2022 Workshop Rastreando as Chaves R\u00edtmicas Colombianas a cargo de Pedro Ojeda da Col\u00f4mbia<br \/>\n\u2022 Workshop Oficina de Arranjos e Composi\u00e7\u00e3o Vocal a cargo de Leidy Montilla da Col\u00f4mbia<br \/>\n\u2022 Workshop Danza Afrocubana y Afrocolombiana a cargo de Jairo Cuero de Colombia<\/p>\n","protected":false},"excerpt":{"rendered":"<p>De 3 de maio a 15 de junho Cambalach\u00e9 levar\u00e1 adiante seu Encontro M\u00fasico &#8211; Cultural entre Col\u00f4mbia e Cuba: Di\u00e1logos da tradi\u00e7\u00e3o com criatividade. Haver\u00e1 oficinas de m\u00fasica afro-cubana, palestras, workshops e laborat\u00f3rios criativos. \u2022 Laboratorio de m\u00fasica do Caribe Colombiano com Mar\u00eda Jos\u00e9 Salgado de Colombia \u2022 Laboratorio de m\u00fasica do Pac\u00edfico Colombiano [&hellip;]<\/p>\n","protected":false},"author":1,"featured_media":5995,"comment_status":"closed","ping_status":"closed","sticky":false,"template":"","format":"standard","meta":{"footnotes":""},"categories":[218],"tags":[],"class_list":["post-5997","post","type-post","status-publish","format-standard","has-post-thumbnail","hentry","category-noticias-generales-pt"],"lang":"pt","translations":{"pt":5997,"es":5994},"pll_sync_post":[],"post_mailing_queue_ids":[],"_links":{"self":[{"href":"http:\/\/staging.ibermusicas.org\/index.php\/wp-json\/wp\/v2\/posts\/5997","targetHints":{"allow":["GET"]}}],"collection":[{"href":"http:\/\/staging.ibermusicas.org\/index.php\/wp-json\/wp\/v2\/posts"}],"about":[{"href":"http:\/\/staging.ibermusicas.org\/index.php\/wp-json\/wp\/v2\/types\/post"}],"author":[{"embeddable":true,"href":"http:\/\/staging.ibermusicas.org\/index.php\/wp-json\/wp\/v2\/users\/1"}],"replies":[{"embeddable":true,"href":"http:\/\/staging.ibermusicas.org\/index.php\/wp-json\/wp\/v2\/comments?post=5997"}],"version-history":[{"count":2,"href":"http:\/\/staging.ibermusicas.org\/index.php\/wp-json\/wp\/v2\/posts\/5997\/revisions"}],"predecessor-version":[{"id":5999,"href":"http:\/\/staging.ibermusicas.org\/index.php\/wp-json\/wp\/v2\/posts\/5997\/revisions\/5999"}],"wp:featuredmedia":[{"embeddable":true,"href":"http:\/\/staging.ibermusicas.org\/index.php\/wp-json\/wp\/v2\/media\/5995"}],"wp:attachment":[{"href":"http:\/\/staging.ibermusicas.org\/index.php\/wp-json\/wp\/v2\/media?parent=5997"}],"wp:term":[{"taxonomy":"category","embeddable":true,"href":"http:\/\/staging.ibermusicas.org\/index.php\/wp-json\/wp\/v2\/categories?post=5997"},{"taxonomy":"post_tag","embeddable":true,"href":"http:\/\/staging.ibermusicas.org\/index.php\/wp-json\/wp\/v2\/tags?post=5997"}],"curies":[{"name":"wp","href":"https:\/\/api.w.org\/{rel}","templated":true}]}}