{"id":6000,"date":"2021-05-05T16:52:11","date_gmt":"2021-05-05T16:52:11","guid":{"rendered":"http:\/\/staging.ibermusicas.org\/?p=6000"},"modified":"2021-06-01T17:47:08","modified_gmt":"2021-06-01T17:47:08","slug":"la-fundacion-danilo-perez-continua-con-su-ciclo-conexion-musical-panamena-en-esta-ocasion-con-la-presencia-del-baterista-percusionista-compositor-educador-y-gestor-cultural-colombiano-sebastian-ga","status":"publish","type":"post","link":"http:\/\/staging.ibermusicas.org\/index.php\/la-fundacion-danilo-perez-continua-con-su-ciclo-conexion-musical-panamena-en-esta-ocasion-con-la-presencia-del-baterista-percusionista-compositor-educador-y-gestor-cultural-colombiano-sebastian-ga\/","title":{"rendered":"La Fundaci\u00f3n Danilo P\u00e9rez contin\u00faa con su ciclo conexi\u00f3n musical paname\u00f1a, en esta ocasi\u00f3n con la presencia del baterista, percusionista, compositor, educador y gestor cultural colombiano Sebasti\u00e1n Garz\u00f3n"},"content":{"rendered":"<p>La Fundaci\u00f3n Danilo P\u00e9rez es una organizaci\u00f3n sin fines de lucro que promueve tutor\u00edas, formaci\u00f3n y estimulaci\u00f3n musical para ni\u00f1os, ni\u00f1as, adolescentes y j\u00f3venes con talento para la m\u00fasica y carreras afines. Impulsan el desarrollo integral a trav\u00e9s de la ense\u00f1anza musical, sin importar condici\u00f3n socioecon\u00f3mica, con la finalidad de que los beneficiarios se conviertan en profesionales.<\/p>\n<p>El proyecto Conexi\u00f3n Musical Paname\u00f1a consiste en brindar actividades de educaci\u00f3n musical continua y gratuita en formato virtual para facilitar a estudiantes paname\u00f1os y de Iberoam\u00e9rica el acceso a saberes transmitidos por artistas y profesores de m\u00fasica nacional e internacional. Cuentan con una plataforma de m\u00e1s de 100 artistas y educadores que apoyan los proyectos sociales y educativos de la Fundaci\u00f3n Danilo P\u00e9rez desde diversas partes del mundo.<\/p>\n<p>Jueves 27 de mayo, 17 hs. (horario de Panam\u00e1) en\u00a0<a href=\"https:\/\/lt.mydplr.com\/b67bdd03122a06c946d2baf1b4b8d009-81868bec073b3970fa62af291f12b42d\" target=\"_blank\" rel=\"noopener\" data-saferedirecturl=\"https:\/\/www.google.com\/url?q=https:\/\/lt.mydplr.com\/b67bdd03122a06c946d2baf1b4b8d009-81868bec073b3970fa62af291f12b42d&amp;source=gmail&amp;ust=1620317916245000&amp;usg=AFQjCNE1ZiAPmXzCtNYEHXEGEoPjXDB5ow\">linktr.ee<\/a><\/p>\n","protected":false},"excerpt":{"rendered":"<p>La Fundaci\u00f3n Danilo P\u00e9rez es una organizaci\u00f3n sin fines de lucro que promueve tutor\u00edas, formaci\u00f3n y estimulaci\u00f3n musical para ni\u00f1os, ni\u00f1as, adolescentes y j\u00f3venes con talento para la m\u00fasica y carreras afines. Impulsan el desarrollo integral a trav\u00e9s de la ense\u00f1anza musical, sin importar condici\u00f3n socioecon\u00f3mica, con la finalidad de que los beneficiarios se conviertan [&hellip;]<\/p>\n","protected":false},"author":1,"featured_media":6001,"comment_status":"closed","ping_status":"closed","sticky":false,"template":"","format":"standard","meta":{"footnotes":""},"categories":[53],"tags":[],"class_list":["post-6000","post","type-post","status-publish","format-standard","has-post-thumbnail","hentry","category-noticias-generales"],"lang":"es","translations":{"es":6000,"pt":6004},"pll_sync_post":[],"post_mailing_queue_ids":[],"_links":{"self":[{"href":"http:\/\/staging.ibermusicas.org\/index.php\/wp-json\/wp\/v2\/posts\/6000","targetHints":{"allow":["GET"]}}],"collection":[{"href":"http:\/\/staging.ibermusicas.org\/index.php\/wp-json\/wp\/v2\/posts"}],"about":[{"href":"http:\/\/staging.ibermusicas.org\/index.php\/wp-json\/wp\/v2\/types\/post"}],"author":[{"embeddable":true,"href":"http:\/\/staging.ibermusicas.org\/index.php\/wp-json\/wp\/v2\/users\/1"}],"replies":[{"embeddable":true,"href":"http:\/\/staging.ibermusicas.org\/index.php\/wp-json\/wp\/v2\/comments?post=6000"}],"version-history":[{"count":1,"href":"http:\/\/staging.ibermusicas.org\/index.php\/wp-json\/wp\/v2\/posts\/6000\/revisions"}],"predecessor-version":[{"id":6002,"href":"http:\/\/staging.ibermusicas.org\/index.php\/wp-json\/wp\/v2\/posts\/6000\/revisions\/6002"}],"wp:featuredmedia":[{"embeddable":true,"href":"http:\/\/staging.ibermusicas.org\/index.php\/wp-json\/wp\/v2\/media\/6001"}],"wp:attachment":[{"href":"http:\/\/staging.ibermusicas.org\/index.php\/wp-json\/wp\/v2\/media?parent=6000"}],"wp:term":[{"taxonomy":"category","embeddable":true,"href":"http:\/\/staging.ibermusicas.org\/index.php\/wp-json\/wp\/v2\/categories?post=6000"},{"taxonomy":"post_tag","embeddable":true,"href":"http:\/\/staging.ibermusicas.org\/index.php\/wp-json\/wp\/v2\/tags?post=6000"}],"curies":[{"name":"wp","href":"https:\/\/api.w.org\/{rel}","templated":true}]}}