{"id":6006,"date":"2021-05-05T17:06:41","date_gmt":"2021-05-05T17:06:41","guid":{"rendered":"http:\/\/staging.ibermusicas.org\/?p=6006"},"modified":"2021-06-01T17:47:01","modified_gmt":"2021-06-01T17:47:01","slug":"desde-tacna-peru-edwin-salamanca-continua-su-ciclo-de-encuentros-en-este-caso-presentando-a-mariachi-tekila","status":"publish","type":"post","link":"http:\/\/staging.ibermusicas.org\/index.php\/desde-tacna-peru-edwin-salamanca-continua-su-ciclo-de-encuentros-en-este-caso-presentando-a-mariachi-tekila\/","title":{"rendered":"Desde Tacna, Per\u00fa, Edwin Salamanca contin\u00faa su ciclo de encuentros, en este caso presentando a Mariachi Tekila"},"content":{"rendered":"<p>Con el objetivo de realizar actividades de rescate, difusi\u00f3n e impulso de m\u00fasica tradicional de la regi\u00f3n de Tacna mediante conciertos, intercambio cultural, conversatorios y entrevistas el m\u00fasico y docente peruano Edwin Salamanca Garc\u00eda realizar\u00e1 la segunda emisi\u00f3n de su ciclo de conciertos, en esta ocasi\u00f3n junto a Mariachi Tekila.<\/p>\n<p>S\u00e1bado 8 de mayo 20 hs. (hora de Per\u00fa) en\u00a0<a href=\"https:\/\/lt.mydplr.com\/76567008aab1922925ec4a3d24560d75-81868bec073b3970fa62af291f12b42d\" target=\"_blank\" rel=\"noopener\" data-saferedirecturl=\"https:\/\/www.google.com\/url?q=https:\/\/lt.mydplr.com\/76567008aab1922925ec4a3d24560d75-81868bec073b3970fa62af291f12b42d&amp;source=gmail&amp;ust=1620317916245000&amp;usg=AFQjCNFMXxNUIn8Av7dYVnlc_wqt-l1vwQ\">www.facebook.com<\/a><\/p>\n","protected":false},"excerpt":{"rendered":"<p>Con el objetivo de realizar actividades de rescate, difusi\u00f3n e impulso de m\u00fasica tradicional de la regi\u00f3n de Tacna mediante conciertos, intercambio cultural, conversatorios y entrevistas el m\u00fasico y docente peruano Edwin Salamanca Garc\u00eda realizar\u00e1 la segunda emisi\u00f3n de su ciclo de conciertos, en esta ocasi\u00f3n junto a Mariachi Tekila. S\u00e1bado 8 de mayo 20 [&hellip;]<\/p>\n","protected":false},"author":1,"featured_media":6007,"comment_status":"closed","ping_status":"closed","sticky":false,"template":"","format":"standard","meta":{"footnotes":""},"categories":[53],"tags":[],"class_list":["post-6006","post","type-post","status-publish","format-standard","has-post-thumbnail","hentry","category-noticias-generales"],"lang":"es","translations":{"es":6006,"pt":6009},"pll_sync_post":[],"post_mailing_queue_ids":[],"_links":{"self":[{"href":"http:\/\/staging.ibermusicas.org\/index.php\/wp-json\/wp\/v2\/posts\/6006","targetHints":{"allow":["GET"]}}],"collection":[{"href":"http:\/\/staging.ibermusicas.org\/index.php\/wp-json\/wp\/v2\/posts"}],"about":[{"href":"http:\/\/staging.ibermusicas.org\/index.php\/wp-json\/wp\/v2\/types\/post"}],"author":[{"embeddable":true,"href":"http:\/\/staging.ibermusicas.org\/index.php\/wp-json\/wp\/v2\/users\/1"}],"replies":[{"embeddable":true,"href":"http:\/\/staging.ibermusicas.org\/index.php\/wp-json\/wp\/v2\/comments?post=6006"}],"version-history":[{"count":1,"href":"http:\/\/staging.ibermusicas.org\/index.php\/wp-json\/wp\/v2\/posts\/6006\/revisions"}],"predecessor-version":[{"id":6008,"href":"http:\/\/staging.ibermusicas.org\/index.php\/wp-json\/wp\/v2\/posts\/6006\/revisions\/6008"}],"wp:featuredmedia":[{"embeddable":true,"href":"http:\/\/staging.ibermusicas.org\/index.php\/wp-json\/wp\/v2\/media\/6007"}],"wp:attachment":[{"href":"http:\/\/staging.ibermusicas.org\/index.php\/wp-json\/wp\/v2\/media?parent=6006"}],"wp:term":[{"taxonomy":"category","embeddable":true,"href":"http:\/\/staging.ibermusicas.org\/index.php\/wp-json\/wp\/v2\/categories?post=6006"},{"taxonomy":"post_tag","embeddable":true,"href":"http:\/\/staging.ibermusicas.org\/index.php\/wp-json\/wp\/v2\/tags?post=6006"}],"curies":[{"name":"wp","href":"https:\/\/api.w.org\/{rel}","templated":true}]}}