{"id":6009,"date":"2021-05-05T17:16:33","date_gmt":"2021-05-05T17:16:33","guid":{"rendered":"http:\/\/staging.ibermusicas.org\/?p=6009"},"modified":"2021-06-01T17:49:30","modified_gmt":"2021-06-01T17:49:30","slug":"de-tacna-peru-edwin-salamanca-continua-seu-ciclo-de-encontros-neste-caso-apresentando-mariachi-tekila","status":"publish","type":"post","link":"http:\/\/staging.ibermusicas.org\/index.php\/de-tacna-peru-edwin-salamanca-continua-seu-ciclo-de-encontros-neste-caso-apresentando-mariachi-tekila\/","title":{"rendered":"De Tacna, Peru, Edwin Salamanca continua seu ciclo de encontros, neste caso apresentando Mariachi Tekila"},"content":{"rendered":"<p>Com o objetivo de realizar atividades de resgate, difus\u00e3o e impulso de m\u00fasica tradicional da regi\u00e3o de Tacna mediante concertos, interc\u00e2mbio cultural, conversat\u00f3rios e entrevistas o m\u00fasico e docente peruano Edwin Salamanca Garc\u00eda realizar\u00e1 a segunda emiss\u00e3o de seu ciclo de concertos, nesta ocasi\u00e3o junto a Mariachi Tekila.<\/p>\n<p>S\u00e1bado 8 de maio 20 hs. (hora Peru) em\u00a0<a href=\"https:\/\/lt.mydplr.com\/76567008aab1922925ec4a3d24560d75-81868bec073b3970fa62af291f12b42d\" target=\"_blank\" rel=\"noopener\" data-saferedirecturl=\"https:\/\/www.google.com\/url?q=https:\/\/lt.mydplr.com\/76567008aab1922925ec4a3d24560d75-81868bec073b3970fa62af291f12b42d&amp;source=gmail&amp;ust=1620317916245000&amp;usg=AFQjCNFMXxNUIn8Av7dYVnlc_wqt-l1vwQ\">www.facebook.com<\/a><\/p>\n","protected":false},"excerpt":{"rendered":"<p>Com o objetivo de realizar atividades de resgate, difus\u00e3o e impulso de m\u00fasica tradicional da regi\u00e3o de Tacna mediante concertos, interc\u00e2mbio cultural, conversat\u00f3rios e entrevistas o m\u00fasico e docente peruano Edwin Salamanca Garc\u00eda realizar\u00e1 a segunda emiss\u00e3o de seu ciclo de concertos, nesta ocasi\u00e3o junto a Mariachi Tekila. S\u00e1bado 8 de maio 20 hs. (hora [&hellip;]<\/p>\n","protected":false},"author":1,"featured_media":6007,"comment_status":"closed","ping_status":"closed","sticky":false,"template":"","format":"standard","meta":{"footnotes":""},"categories":[218],"tags":[],"class_list":["post-6009","post","type-post","status-publish","format-standard","has-post-thumbnail","hentry","category-noticias-generales-pt"],"lang":"pt","translations":{"pt":6009,"es":6006},"pll_sync_post":[],"post_mailing_queue_ids":[],"_links":{"self":[{"href":"http:\/\/staging.ibermusicas.org\/index.php\/wp-json\/wp\/v2\/posts\/6009","targetHints":{"allow":["GET"]}}],"collection":[{"href":"http:\/\/staging.ibermusicas.org\/index.php\/wp-json\/wp\/v2\/posts"}],"about":[{"href":"http:\/\/staging.ibermusicas.org\/index.php\/wp-json\/wp\/v2\/types\/post"}],"author":[{"embeddable":true,"href":"http:\/\/staging.ibermusicas.org\/index.php\/wp-json\/wp\/v2\/users\/1"}],"replies":[{"embeddable":true,"href":"http:\/\/staging.ibermusicas.org\/index.php\/wp-json\/wp\/v2\/comments?post=6009"}],"version-history":[{"count":1,"href":"http:\/\/staging.ibermusicas.org\/index.php\/wp-json\/wp\/v2\/posts\/6009\/revisions"}],"predecessor-version":[{"id":6010,"href":"http:\/\/staging.ibermusicas.org\/index.php\/wp-json\/wp\/v2\/posts\/6009\/revisions\/6010"}],"wp:featuredmedia":[{"embeddable":true,"href":"http:\/\/staging.ibermusicas.org\/index.php\/wp-json\/wp\/v2\/media\/6007"}],"wp:attachment":[{"href":"http:\/\/staging.ibermusicas.org\/index.php\/wp-json\/wp\/v2\/media?parent=6009"}],"wp:term":[{"taxonomy":"category","embeddable":true,"href":"http:\/\/staging.ibermusicas.org\/index.php\/wp-json\/wp\/v2\/categories?post=6009"},{"taxonomy":"post_tag","embeddable":true,"href":"http:\/\/staging.ibermusicas.org\/index.php\/wp-json\/wp\/v2\/tags?post=6009"}],"curies":[{"name":"wp","href":"https:\/\/api.w.org\/{rel}","templated":true}]}}