{"id":6024,"date":"2016-04-06T10:39:39","date_gmt":"2016-04-06T10:39:39","guid":{"rendered":"http:\/\/staging.ibermusicas.org\/?p=6024"},"modified":"2021-05-06T10:42:56","modified_gmt":"2021-05-06T10:42:56","slug":"el-mercado-insular-de-expresiones-culturales-de-colombia-recibe-entre-los-artistas-de-sus-showcases-a-la-banda-chilena-de-reggae-abya-yala","status":"publish","type":"post","link":"http:\/\/staging.ibermusicas.org\/index.php\/el-mercado-insular-de-expresiones-culturales-de-colombia-recibe-entre-los-artistas-de-sus-showcases-a-la-banda-chilena-de-reggae-abya-yala\/","title":{"rendered":"El MERCADO INSULAR DE EXPRESIONES CULTURALES de Colombia recibe entre los artistas de sus showcases a la banda chilena de reggae ABYA YALA"},"content":{"rendered":"<p><span data-sheets-value=\"{&quot;1&quot;:2,&quot;2&quot;:&quot;Desde el a\u00f1o 2012 se realiza en San Andr\u00e9s Islas, Colombia el Mercado Insular de Expresiones Culturales con el objeto de propiciar la circulaci\u00f3n de bandas de m\u00fasica afrocaribe\u00f1a. &quot;}\" data-sheets-userformat=\"{&quot;2&quot;:513,&quot;3&quot;:{&quot;1&quot;:0},&quot;12&quot;:0}\">Desde el a\u00f1o 2012 se realiza en San Andr\u00e9s Islas, Colombia el Mercado Insular de Expresiones Culturales con el objeto de propiciar la circulaci\u00f3n de bandas de m\u00fasica afrocaribe\u00f1a. <\/span><\/p>\n","protected":false},"excerpt":{"rendered":"<p>Desde el a\u00f1o 2012 se realiza en San Andr\u00e9s Islas, Colombia el Mercado Insular de Expresiones Culturales con el objeto de propiciar la circulaci\u00f3n de bandas de m\u00fasica afrocaribe\u00f1a.<\/p>\n","protected":false},"author":1,"featured_media":6025,"comment_status":"closed","ping_status":"closed","sticky":false,"template":"","format":"standard","meta":{"footnotes":""},"categories":[53],"tags":[],"class_list":["post-6024","post","type-post","status-publish","format-standard","has-post-thumbnail","hentry","category-noticias-generales"],"lang":"es","translations":{"es":6024},"pll_sync_post":[],"post_mailing_queue_ids":[],"_links":{"self":[{"href":"http:\/\/staging.ibermusicas.org\/index.php\/wp-json\/wp\/v2\/posts\/6024","targetHints":{"allow":["GET"]}}],"collection":[{"href":"http:\/\/staging.ibermusicas.org\/index.php\/wp-json\/wp\/v2\/posts"}],"about":[{"href":"http:\/\/staging.ibermusicas.org\/index.php\/wp-json\/wp\/v2\/types\/post"}],"author":[{"embeddable":true,"href":"http:\/\/staging.ibermusicas.org\/index.php\/wp-json\/wp\/v2\/users\/1"}],"replies":[{"embeddable":true,"href":"http:\/\/staging.ibermusicas.org\/index.php\/wp-json\/wp\/v2\/comments?post=6024"}],"version-history":[{"count":1,"href":"http:\/\/staging.ibermusicas.org\/index.php\/wp-json\/wp\/v2\/posts\/6024\/revisions"}],"predecessor-version":[{"id":6026,"href":"http:\/\/staging.ibermusicas.org\/index.php\/wp-json\/wp\/v2\/posts\/6024\/revisions\/6026"}],"wp:featuredmedia":[{"embeddable":true,"href":"http:\/\/staging.ibermusicas.org\/index.php\/wp-json\/wp\/v2\/media\/6025"}],"wp:attachment":[{"href":"http:\/\/staging.ibermusicas.org\/index.php\/wp-json\/wp\/v2\/media?parent=6024"}],"wp:term":[{"taxonomy":"category","embeddable":true,"href":"http:\/\/staging.ibermusicas.org\/index.php\/wp-json\/wp\/v2\/categories?post=6024"},{"taxonomy":"post_tag","embeddable":true,"href":"http:\/\/staging.ibermusicas.org\/index.php\/wp-json\/wp\/v2\/tags?post=6024"}],"curies":[{"name":"wp","href":"https:\/\/api.w.org\/{rel}","templated":true}]}}