{"id":6045,"date":"2016-05-26T11:15:05","date_gmt":"2016-05-26T11:15:05","guid":{"rendered":"http:\/\/staging.ibermusicas.org\/?p=6045"},"modified":"2021-05-06T11:17:23","modified_gmt":"2021-05-06T11:17:23","slug":"el-ensamble-andamio-de-mexico-sera-parte-de-los-artistas-invitados-al-festival-internacional-de-la-imagen-de-manizales-colombia","status":"publish","type":"post","link":"http:\/\/staging.ibermusicas.org\/index.php\/el-ensamble-andamio-de-mexico-sera-parte-de-los-artistas-invitados-al-festival-internacional-de-la-imagen-de-manizales-colombia\/","title":{"rendered":"El ENSAMBLE ANDAMIO de M\u00e9xico ser\u00e1 parte de los artistas invitados al Festival Internacional de la Imagen de Manizales, Colombia"},"content":{"rendered":"<p><span data-sheets-value=\"{&quot;1&quot;:2,&quot;2&quot;:&quot;Andamio es un ensamble integrado por productores con diferentes formaciones cuyo nexo com\u00fan es la colaboraci\u00f3n desde la m\u00fasica, ya sea \u00e9sta experimental, electr\u00f3nica, codificada o paisajista siendo el ritmo lo que dispara el accionar de todo el ensamble. &quot;}\" data-sheets-userformat=\"{&quot;2&quot;:513,&quot;3&quot;:{&quot;1&quot;:0},&quot;12&quot;:0}\">Andamio es un ensamble integrado por productores con diferentes formaciones cuyo nexo com\u00fan es la colaboraci\u00f3n desde la m\u00fasica, ya sea \u00e9sta experimental, electr\u00f3nica, codificada o paisajista siendo el ritmo lo que dispara el accionar de todo el ensamble. <\/span><\/p>\n","protected":false},"excerpt":{"rendered":"<p>Andamio es un ensamble integrado por productores con diferentes formaciones cuyo nexo com\u00fan es la colaboraci\u00f3n desde la m\u00fasica, ya sea \u00e9sta experimental, electr\u00f3nica, codificada o paisajista siendo el ritmo lo que dispara el accionar de todo el ensamble.<\/p>\n","protected":false},"author":1,"featured_media":6046,"comment_status":"closed","ping_status":"closed","sticky":false,"template":"","format":"standard","meta":{"footnotes":""},"categories":[53],"tags":[],"class_list":["post-6045","post","type-post","status-publish","format-standard","has-post-thumbnail","hentry","category-noticias-generales"],"lang":"es","translations":{"es":6045},"pll_sync_post":[],"post_mailing_queue_ids":[],"_links":{"self":[{"href":"http:\/\/staging.ibermusicas.org\/index.php\/wp-json\/wp\/v2\/posts\/6045","targetHints":{"allow":["GET"]}}],"collection":[{"href":"http:\/\/staging.ibermusicas.org\/index.php\/wp-json\/wp\/v2\/posts"}],"about":[{"href":"http:\/\/staging.ibermusicas.org\/index.php\/wp-json\/wp\/v2\/types\/post"}],"author":[{"embeddable":true,"href":"http:\/\/staging.ibermusicas.org\/index.php\/wp-json\/wp\/v2\/users\/1"}],"replies":[{"embeddable":true,"href":"http:\/\/staging.ibermusicas.org\/index.php\/wp-json\/wp\/v2\/comments?post=6045"}],"version-history":[{"count":1,"href":"http:\/\/staging.ibermusicas.org\/index.php\/wp-json\/wp\/v2\/posts\/6045\/revisions"}],"predecessor-version":[{"id":6047,"href":"http:\/\/staging.ibermusicas.org\/index.php\/wp-json\/wp\/v2\/posts\/6045\/revisions\/6047"}],"wp:featuredmedia":[{"embeddable":true,"href":"http:\/\/staging.ibermusicas.org\/index.php\/wp-json\/wp\/v2\/media\/6046"}],"wp:attachment":[{"href":"http:\/\/staging.ibermusicas.org\/index.php\/wp-json\/wp\/v2\/media?parent=6045"}],"wp:term":[{"taxonomy":"category","embeddable":true,"href":"http:\/\/staging.ibermusicas.org\/index.php\/wp-json\/wp\/v2\/categories?post=6045"},{"taxonomy":"post_tag","embeddable":true,"href":"http:\/\/staging.ibermusicas.org\/index.php\/wp-json\/wp\/v2\/tags?post=6045"}],"curies":[{"name":"wp","href":"https:\/\/api.w.org\/{rel}","templated":true}]}}