{"id":6048,"date":"2016-07-06T11:17:56","date_gmt":"2016-07-06T11:17:56","guid":{"rendered":"http:\/\/staging.ibermusicas.org\/?p=6048"},"modified":"2021-05-06T11:21:08","modified_gmt":"2021-05-06T11:21:08","slug":"el-compositor-colombiano-jhonnier-ochoa-cespedes-inicia-su-residencia-compositiva-en-la-escuela-superior-de-artes-de-yucatan-mexico","status":"publish","type":"post","link":"http:\/\/staging.ibermusicas.org\/index.php\/el-compositor-colombiano-jhonnier-ochoa-cespedes-inicia-su-residencia-compositiva-en-la-escuela-superior-de-artes-de-yucatan-mexico\/","title":{"rendered":"El compositor colombiano JHONNIER OCHOA C\u00c9SPEDES inicia su residencia compositiva en la Escuela Superior de Artes de Yucat\u00e1n, M\u00e9xico"},"content":{"rendered":"<p><span data-sheets-value=\"{&quot;1&quot;:2,&quot;2&quot;:&quot;El trabajo de Jhonnier Ochoa C\u00e9spedes comenzar\u00e1n con una pesquisa de materiales musicales tradicionales de poblaciones ind\u00edgenas latinoamericanas y continuar\u00e1 con la composici\u00f3n de una obra musical para formato de c\u00e1mara en la que se reelaborar\u00e1n y se reinterpretar\u00e1n estos materiales integr\u00e1ndolos al lenguaje musical contempor\u00e1neo acad\u00e9mico.\\r \\r &quot;}\" data-sheets-userformat=\"{&quot;2&quot;:513,&quot;3&quot;:{&quot;1&quot;:0},&quot;12&quot;:0}\">El trabajo de Jhonnier Ochoa C\u00e9spedes comenzar\u00e1n con una pesquisa de materiales musicales tradicionales de poblaciones ind\u00edgenas latinoamericanas y continuar\u00e1 con la composici\u00f3n de una obra musical para formato de c\u00e1mara en la que se reelaborar\u00e1n y se reinterpretar\u00e1n estos materiales integr\u00e1ndolos al lenguaje musical contempor\u00e1neo acad\u00e9mico. <\/span><\/p>\n","protected":false},"excerpt":{"rendered":"<p>El trabajo de Jhonnier Ochoa C\u00e9spedes comenzar\u00e1n con una pesquisa de materiales musicales tradicionales de poblaciones ind\u00edgenas latinoamericanas y continuar\u00e1 con la composici\u00f3n de una obra musical para formato de c\u00e1mara en la que se reelaborar\u00e1n y se reinterpretar\u00e1n estos materiales integr\u00e1ndolos al lenguaje musical contempor\u00e1neo acad\u00e9mico.<\/p>\n","protected":false},"author":1,"featured_media":6049,"comment_status":"closed","ping_status":"closed","sticky":false,"template":"","format":"standard","meta":{"footnotes":""},"categories":[53],"tags":[],"class_list":["post-6048","post","type-post","status-publish","format-standard","has-post-thumbnail","hentry","category-noticias-generales"],"lang":"es","translations":{"es":6048},"pll_sync_post":[],"post_mailing_queue_ids":[],"_links":{"self":[{"href":"http:\/\/staging.ibermusicas.org\/index.php\/wp-json\/wp\/v2\/posts\/6048","targetHints":{"allow":["GET"]}}],"collection":[{"href":"http:\/\/staging.ibermusicas.org\/index.php\/wp-json\/wp\/v2\/posts"}],"about":[{"href":"http:\/\/staging.ibermusicas.org\/index.php\/wp-json\/wp\/v2\/types\/post"}],"author":[{"embeddable":true,"href":"http:\/\/staging.ibermusicas.org\/index.php\/wp-json\/wp\/v2\/users\/1"}],"replies":[{"embeddable":true,"href":"http:\/\/staging.ibermusicas.org\/index.php\/wp-json\/wp\/v2\/comments?post=6048"}],"version-history":[{"count":1,"href":"http:\/\/staging.ibermusicas.org\/index.php\/wp-json\/wp\/v2\/posts\/6048\/revisions"}],"predecessor-version":[{"id":6050,"href":"http:\/\/staging.ibermusicas.org\/index.php\/wp-json\/wp\/v2\/posts\/6048\/revisions\/6050"}],"wp:featuredmedia":[{"embeddable":true,"href":"http:\/\/staging.ibermusicas.org\/index.php\/wp-json\/wp\/v2\/media\/6049"}],"wp:attachment":[{"href":"http:\/\/staging.ibermusicas.org\/index.php\/wp-json\/wp\/v2\/media?parent=6048"}],"wp:term":[{"taxonomy":"category","embeddable":true,"href":"http:\/\/staging.ibermusicas.org\/index.php\/wp-json\/wp\/v2\/categories?post=6048"},{"taxonomy":"post_tag","embeddable":true,"href":"http:\/\/staging.ibermusicas.org\/index.php\/wp-json\/wp\/v2\/tags?post=6048"}],"curies":[{"name":"wp","href":"https:\/\/api.w.org\/{rel}","templated":true}]}}