{"id":6054,"date":"2016-09-06T11:26:28","date_gmt":"2016-09-06T11:26:28","guid":{"rendered":"http:\/\/staging.ibermusicas.org\/?p=6054"},"modified":"2021-05-06T11:29:45","modified_gmt":"2021-05-06T11:29:45","slug":"comienza-identidad-suenos-residencia-artistica-con-el-ensamble-iberoamericano-de-weimar-y-el-ensamble-auditivvokal-de-dresde-el-compositor-chileno-hector-moro-sera-uno-de-los-imp","status":"publish","type":"post","link":"http:\/\/staging.ibermusicas.org\/index.php\/comienza-identidad-suenos-residencia-artistica-con-el-ensamble-iberoamericano-de-weimar-y-el-ensamble-auditivvokal-de-dresde-el-compositor-chileno-hector-moro-sera-uno-de-los-imp\/","title":{"rendered":"Comienza \u201cIdentidad \/ Sue\u00f1os\u201d, residencia art\u00edstica con el Ensamble Iberoamericano de Weimar y el Ensamble Auditivvokal de Dresde. El compositor chileno H\u00c9CTOR MORO ser\u00e1 uno de los importantes compositores convocados"},"content":{"rendered":"<p><span data-sheets-value=\"{&quot;1&quot;:2,&quot;2&quot;:&quot;\u201cIdentidad \/ Sue\u00f1os\u201d es un proyecto que nace de la colaboraci\u00f3n entre dos ensambles radicados en Alemania: el ensamble Auditivvokal de Dresden, conformado por cantantes especializados en el repertorio contempor\u00e1neo y el Ensemble Iberoamericano de Weimar, dedicado a la interpretaci\u00f3n de m\u00fasica iberoamericana de los siglos XX y XXI.&quot;}\" data-sheets-userformat=\"{&quot;2&quot;:513,&quot;3&quot;:{&quot;1&quot;:0},&quot;12&quot;:0}\">\u201cIdentidad \/ Sue\u00f1os\u201d es un proyecto que nace de la colaboraci\u00f3n entre dos ensambles radicados en Alemania: el ensamble Auditivvokal de Dresden, conformado por cantantes especializados en el repertorio contempor\u00e1neo y el Ensemble Iberoamericano de Weimar, dedicado a la interpretaci\u00f3n de m\u00fasica iberoamericana de los siglos XX y XXI.<\/span><\/p>\n","protected":false},"excerpt":{"rendered":"<p>\u201cIdentidad \/ Sue\u00f1os\u201d es un proyecto que nace de la colaboraci\u00f3n entre dos ensambles radicados en Alemania: el ensamble Auditivvokal de Dresden, conformado por cantantes especializados en el repertorio contempor\u00e1neo y el Ensemble Iberoamericano de Weimar, dedicado a la interpretaci\u00f3n de m\u00fasica iberoamericana de los siglos XX y XXI.<\/p>\n","protected":false},"author":1,"featured_media":6055,"comment_status":"closed","ping_status":"closed","sticky":false,"template":"","format":"standard","meta":{"footnotes":""},"categories":[53],"tags":[],"class_list":["post-6054","post","type-post","status-publish","format-standard","has-post-thumbnail","hentry","category-noticias-generales"],"lang":"es","translations":{"es":6054},"pll_sync_post":[],"post_mailing_queue_ids":[],"_links":{"self":[{"href":"http:\/\/staging.ibermusicas.org\/index.php\/wp-json\/wp\/v2\/posts\/6054","targetHints":{"allow":["GET"]}}],"collection":[{"href":"http:\/\/staging.ibermusicas.org\/index.php\/wp-json\/wp\/v2\/posts"}],"about":[{"href":"http:\/\/staging.ibermusicas.org\/index.php\/wp-json\/wp\/v2\/types\/post"}],"author":[{"embeddable":true,"href":"http:\/\/staging.ibermusicas.org\/index.php\/wp-json\/wp\/v2\/users\/1"}],"replies":[{"embeddable":true,"href":"http:\/\/staging.ibermusicas.org\/index.php\/wp-json\/wp\/v2\/comments?post=6054"}],"version-history":[{"count":1,"href":"http:\/\/staging.ibermusicas.org\/index.php\/wp-json\/wp\/v2\/posts\/6054\/revisions"}],"predecessor-version":[{"id":6056,"href":"http:\/\/staging.ibermusicas.org\/index.php\/wp-json\/wp\/v2\/posts\/6054\/revisions\/6056"}],"wp:featuredmedia":[{"embeddable":true,"href":"http:\/\/staging.ibermusicas.org\/index.php\/wp-json\/wp\/v2\/media\/6055"}],"wp:attachment":[{"href":"http:\/\/staging.ibermusicas.org\/index.php\/wp-json\/wp\/v2\/media?parent=6054"}],"wp:term":[{"taxonomy":"category","embeddable":true,"href":"http:\/\/staging.ibermusicas.org\/index.php\/wp-json\/wp\/v2\/categories?post=6054"},{"taxonomy":"post_tag","embeddable":true,"href":"http:\/\/staging.ibermusicas.org\/index.php\/wp-json\/wp\/v2\/tags?post=6054"}],"curies":[{"name":"wp","href":"https:\/\/api.w.org\/{rel}","templated":true}]}}