{"id":6057,"date":"2016-04-03T11:30:10","date_gmt":"2016-04-03T11:30:10","guid":{"rendered":"http:\/\/staging.ibermusicas.org\/?p=6057"},"modified":"2021-05-06T11:33:17","modified_gmt":"2021-05-06T11:33:17","slug":"hemiola-musicas-de-chile-inicia-su-proceso-de-residencias-creativas-telar-nuevas-obras-para-la-musica-latinoamericana-invitando-como-docentes-y-compositores-a-tres-musicos-argentinos-de-ren","status":"publish","type":"post","link":"http:\/\/staging.ibermusicas.org\/index.php\/hemiola-musicas-de-chile-inicia-su-proceso-de-residencias-creativas-telar-nuevas-obras-para-la-musica-latinoamericana-invitando-como-docentes-y-compositores-a-tres-musicos-argentinos-de-ren\/","title":{"rendered":"HEMIOLA MUSICAS de Chile inicia su proceso de residencias creativas TELAR \u2013 Nuevas Obras para la M\u00fasica Latinoamericana, invitando como docentes y compositores a tres m\u00fasicos argentinos de renombre"},"content":{"rendered":"<p><span data-sheets-value=\"{&quot;1&quot;:2,&quot;2&quot;:&quot;Comienza el proceso de selecci\u00f3n para la conformaci\u00f3n y preparaci\u00f3n de un ensamble dirigido a instrumentistas sin l\u00edmite de edad que est\u00e9n buscando participar de ensambles para armar un repertorio in\u00e9dito de m\u00fasica latinoamericana.\\r \\r &quot;}\" data-sheets-userformat=\"{&quot;2&quot;:513,&quot;3&quot;:{&quot;1&quot;:0},&quot;12&quot;:0}\">Comienza el proceso de selecci\u00f3n para la conformaci\u00f3n y preparaci\u00f3n de un ensamble dirigido a instrumentistas sin l\u00edmite de edad que est\u00e9n buscando participar de ensambles para armar un repertorio in\u00e9dito de m\u00fasica latinoamericana. <\/span><\/p>\n","protected":false},"excerpt":{"rendered":"<p>Comienza el proceso de selecci\u00f3n para la conformaci\u00f3n y preparaci\u00f3n de un ensamble dirigido a instrumentistas sin l\u00edmite de edad que est\u00e9n buscando participar de ensambles para armar un repertorio in\u00e9dito de m\u00fasica latinoamericana.<\/p>\n","protected":false},"author":1,"featured_media":6058,"comment_status":"closed","ping_status":"closed","sticky":false,"template":"","format":"standard","meta":{"footnotes":""},"categories":[53],"tags":[],"class_list":["post-6057","post","type-post","status-publish","format-standard","has-post-thumbnail","hentry","category-noticias-generales"],"lang":"es","translations":{"es":6057},"pll_sync_post":[],"post_mailing_queue_ids":[],"_links":{"self":[{"href":"http:\/\/staging.ibermusicas.org\/index.php\/wp-json\/wp\/v2\/posts\/6057","targetHints":{"allow":["GET"]}}],"collection":[{"href":"http:\/\/staging.ibermusicas.org\/index.php\/wp-json\/wp\/v2\/posts"}],"about":[{"href":"http:\/\/staging.ibermusicas.org\/index.php\/wp-json\/wp\/v2\/types\/post"}],"author":[{"embeddable":true,"href":"http:\/\/staging.ibermusicas.org\/index.php\/wp-json\/wp\/v2\/users\/1"}],"replies":[{"embeddable":true,"href":"http:\/\/staging.ibermusicas.org\/index.php\/wp-json\/wp\/v2\/comments?post=6057"}],"version-history":[{"count":1,"href":"http:\/\/staging.ibermusicas.org\/index.php\/wp-json\/wp\/v2\/posts\/6057\/revisions"}],"predecessor-version":[{"id":6059,"href":"http:\/\/staging.ibermusicas.org\/index.php\/wp-json\/wp\/v2\/posts\/6057\/revisions\/6059"}],"wp:featuredmedia":[{"embeddable":true,"href":"http:\/\/staging.ibermusicas.org\/index.php\/wp-json\/wp\/v2\/media\/6058"}],"wp:attachment":[{"href":"http:\/\/staging.ibermusicas.org\/index.php\/wp-json\/wp\/v2\/media?parent=6057"}],"wp:term":[{"taxonomy":"category","embeddable":true,"href":"http:\/\/staging.ibermusicas.org\/index.php\/wp-json\/wp\/v2\/categories?post=6057"},{"taxonomy":"post_tag","embeddable":true,"href":"http:\/\/staging.ibermusicas.org\/index.php\/wp-json\/wp\/v2\/tags?post=6057"}],"curies":[{"name":"wp","href":"https:\/\/api.w.org\/{rel}","templated":true}]}}