{"id":6060,"date":"2016-10-06T11:33:27","date_gmt":"2016-10-06T11:33:27","guid":{"rendered":"http:\/\/staging.ibermusicas.org\/?p=6060"},"modified":"2021-05-06T11:35:53","modified_gmt":"2021-05-06T11:35:53","slug":"percance-el-poderoso-y-festivo-combo-costarricense-lleva-su-musica-a-chile-y-argentina","status":"publish","type":"post","link":"http:\/\/staging.ibermusicas.org\/index.php\/percance-el-poderoso-y-festivo-combo-costarricense-lleva-su-musica-a-chile-y-argentina\/","title":{"rendered":"PERCANCE, el poderoso y festivo combo costarricense lleva su m\u00fasica a Chile y Argentina"},"content":{"rendered":"<p><span data-sheets-value=\"{&quot;1&quot;:2,&quot;2&quot;:&quot;Desde Costa Rica llega a Chile y Argentina PERCANCE, una banda compuesta por 9 j\u00f3venes m\u00fasicos con una propuesta de fiesta, m\u00fasica latina, fusi\u00f3n, versatilidad de ritmos y sonidos en cada una de sus canciones, dejando un mensaje positivo al p\u00fablico que desde sus inicios los ha visto crecer. &quot;}\" data-sheets-userformat=\"{&quot;2&quot;:513,&quot;3&quot;:{&quot;1&quot;:0},&quot;12&quot;:0}\">Desde Costa Rica llega a Chile y Argentina PERCANCE, una banda compuesta por 9 j\u00f3venes m\u00fasicos con una propuesta de fiesta, m\u00fasica latina, fusi\u00f3n, versatilidad de ritmos y sonidos en cada una de sus canciones, dejando un mensaje positivo al p\u00fablico que desde sus inicios los ha visto crecer. <\/span><\/p>\n","protected":false},"excerpt":{"rendered":"<p>Desde Costa Rica llega a Chile y Argentina PERCANCE, una banda compuesta por 9 j\u00f3venes m\u00fasicos con una propuesta de fiesta, m\u00fasica latina, fusi\u00f3n, versatilidad de ritmos y sonidos en cada una de sus canciones, dejando un mensaje positivo al p\u00fablico que desde sus inicios los ha visto crecer.<\/p>\n","protected":false},"author":1,"featured_media":6061,"comment_status":"closed","ping_status":"closed","sticky":false,"template":"","format":"standard","meta":{"footnotes":""},"categories":[53],"tags":[],"class_list":["post-6060","post","type-post","status-publish","format-standard","has-post-thumbnail","hentry","category-noticias-generales"],"lang":"es","translations":{"es":6060},"pll_sync_post":[],"post_mailing_queue_ids":[],"_links":{"self":[{"href":"http:\/\/staging.ibermusicas.org\/index.php\/wp-json\/wp\/v2\/posts\/6060","targetHints":{"allow":["GET"]}}],"collection":[{"href":"http:\/\/staging.ibermusicas.org\/index.php\/wp-json\/wp\/v2\/posts"}],"about":[{"href":"http:\/\/staging.ibermusicas.org\/index.php\/wp-json\/wp\/v2\/types\/post"}],"author":[{"embeddable":true,"href":"http:\/\/staging.ibermusicas.org\/index.php\/wp-json\/wp\/v2\/users\/1"}],"replies":[{"embeddable":true,"href":"http:\/\/staging.ibermusicas.org\/index.php\/wp-json\/wp\/v2\/comments?post=6060"}],"version-history":[{"count":1,"href":"http:\/\/staging.ibermusicas.org\/index.php\/wp-json\/wp\/v2\/posts\/6060\/revisions"}],"predecessor-version":[{"id":6062,"href":"http:\/\/staging.ibermusicas.org\/index.php\/wp-json\/wp\/v2\/posts\/6060\/revisions\/6062"}],"wp:featuredmedia":[{"embeddable":true,"href":"http:\/\/staging.ibermusicas.org\/index.php\/wp-json\/wp\/v2\/media\/6061"}],"wp:attachment":[{"href":"http:\/\/staging.ibermusicas.org\/index.php\/wp-json\/wp\/v2\/media?parent=6060"}],"wp:term":[{"taxonomy":"category","embeddable":true,"href":"http:\/\/staging.ibermusicas.org\/index.php\/wp-json\/wp\/v2\/categories?post=6060"},{"taxonomy":"post_tag","embeddable":true,"href":"http:\/\/staging.ibermusicas.org\/index.php\/wp-json\/wp\/v2\/tags?post=6060"}],"curies":[{"name":"wp","href":"https:\/\/api.w.org\/{rel}","templated":true}]}}