{"id":6063,"date":"2016-08-06T11:36:04","date_gmt":"2016-08-06T11:36:04","guid":{"rendered":"http:\/\/staging.ibermusicas.org\/?p=6063"},"modified":"2021-05-06T11:39:22","modified_gmt":"2021-05-06T11:39:22","slug":"laguna-pai-la-banda-peruana-de-reggae-se-presentara-en-el-primavera-fest-de-colombia","status":"publish","type":"post","link":"http:\/\/staging.ibermusicas.org\/index.php\/laguna-pai-la-banda-peruana-de-reggae-se-presentara-en-el-primavera-fest-de-colombia\/","title":{"rendered":"LAGUNA PAI, la banda peruana de reggae se presentar\u00e1 en el Primavera Fest de Colombia"},"content":{"rendered":"<p><span data-sheets-value=\"{&quot;1&quot;:2,&quot;2&quot;:&quot;En la m\u00fasica de LAGUNA PAI se puede sentir la influencia de Bob Marley, Pink Floyd, Manu Chao y de la m\u00fasica Peruana. El mensaje, es la prioridad de la banda y se ve reflejado en las letras que contienen temas como la conservaci\u00f3n del medio ambiente, la igualdad e inclusi\u00f3n social, la introspecci\u00f3n, la espiritualidad, la uni\u00f3n entre los seres, la lucha por los sue\u00f1os, la supervivencia de la pasi\u00f3n y el amor.\\r \\r &quot;}\" data-sheets-userformat=\"{&quot;2&quot;:513,&quot;3&quot;:{&quot;1&quot;:0},&quot;12&quot;:0}\">En la m\u00fasica de LAGUNA PAI se puede sentir la influencia de Bob Marley, Pink Floyd, Manu Chao y de la m\u00fasica Peruana. El mensaje, es la prioridad de la banda y se ve reflejado en las letras que contienen temas como la conservaci\u00f3n del medio ambiente, la igualdad e inclusi\u00f3n social, la introspecci\u00f3n, la espiritualidad, la uni\u00f3n entre los seres, la lucha por los sue\u00f1os, la supervivencia de la pasi\u00f3n y el amor. <\/span><\/p>\n","protected":false},"excerpt":{"rendered":"<p>En la m\u00fasica de LAGUNA PAI se puede sentir la influencia de Bob Marley, Pink Floyd, Manu Chao y de la m\u00fasica Peruana. El mensaje, es la prioridad de la banda y se ve reflejado en las letras que contienen temas como la conservaci\u00f3n del medio ambiente, la igualdad e inclusi\u00f3n social, la introspecci\u00f3n, la [&hellip;]<\/p>\n","protected":false},"author":1,"featured_media":6064,"comment_status":"closed","ping_status":"closed","sticky":false,"template":"","format":"standard","meta":{"footnotes":""},"categories":[53],"tags":[],"class_list":["post-6063","post","type-post","status-publish","format-standard","has-post-thumbnail","hentry","category-noticias-generales"],"lang":"es","translations":{"es":6063},"pll_sync_post":[],"post_mailing_queue_ids":[],"_links":{"self":[{"href":"http:\/\/staging.ibermusicas.org\/index.php\/wp-json\/wp\/v2\/posts\/6063","targetHints":{"allow":["GET"]}}],"collection":[{"href":"http:\/\/staging.ibermusicas.org\/index.php\/wp-json\/wp\/v2\/posts"}],"about":[{"href":"http:\/\/staging.ibermusicas.org\/index.php\/wp-json\/wp\/v2\/types\/post"}],"author":[{"embeddable":true,"href":"http:\/\/staging.ibermusicas.org\/index.php\/wp-json\/wp\/v2\/users\/1"}],"replies":[{"embeddable":true,"href":"http:\/\/staging.ibermusicas.org\/index.php\/wp-json\/wp\/v2\/comments?post=6063"}],"version-history":[{"count":1,"href":"http:\/\/staging.ibermusicas.org\/index.php\/wp-json\/wp\/v2\/posts\/6063\/revisions"}],"predecessor-version":[{"id":6065,"href":"http:\/\/staging.ibermusicas.org\/index.php\/wp-json\/wp\/v2\/posts\/6063\/revisions\/6065"}],"wp:featuredmedia":[{"embeddable":true,"href":"http:\/\/staging.ibermusicas.org\/index.php\/wp-json\/wp\/v2\/media\/6064"}],"wp:attachment":[{"href":"http:\/\/staging.ibermusicas.org\/index.php\/wp-json\/wp\/v2\/media?parent=6063"}],"wp:term":[{"taxonomy":"category","embeddable":true,"href":"http:\/\/staging.ibermusicas.org\/index.php\/wp-json\/wp\/v2\/categories?post=6063"},{"taxonomy":"post_tag","embeddable":true,"href":"http:\/\/staging.ibermusicas.org\/index.php\/wp-json\/wp\/v2\/tags?post=6063"}],"curies":[{"name":"wp","href":"https:\/\/api.w.org\/{rel}","templated":true}]}}