{"id":6069,"date":"2016-02-10T11:42:56","date_gmt":"2016-02-10T11:42:56","guid":{"rendered":"http:\/\/staging.ibermusicas.org\/?p=6069"},"modified":"2021-05-06T11:46:07","modified_gmt":"2021-05-06T11:46:07","slug":"ibermusicas-le-da-la-bienvenida-a-la-republica-de-panama","status":"publish","type":"post","link":"http:\/\/staging.ibermusicas.org\/index.php\/ibermusicas-le-da-la-bienvenida-a-la-republica-de-panama\/","title":{"rendered":"Iberm\u00fasicas le da la bienvenida a la Rep\u00fablica de Panam\u00e1"},"content":{"rendered":"<p><span data-sheets-value=\"{&quot;1&quot;:2,&quot;2&quot;:&quot;Nos complace anunciar que Panam\u00e1, a trav\u00e9s del Instituto Nacional de Cultura, se suma como miembro pleno al Programa Iberm\u00fasicas a partir del corriente a\u00f1o.&quot;}\" data-sheets-userformat=\"{&quot;2&quot;:513,&quot;3&quot;:{&quot;1&quot;:0},&quot;12&quot;:0}\">Nos complace anunciar que Panam\u00e1, a trav\u00e9s del Instituto Nacional de Cultura, se suma como miembro pleno al Programa Iberm\u00fasicas a partir del corriente a\u00f1o.<\/span><\/p>\n","protected":false},"excerpt":{"rendered":"<p>Nos complace anunciar que Panam\u00e1, a trav\u00e9s del Instituto Nacional de Cultura, se suma como miembro pleno al Programa Iberm\u00fasicas a partir del corriente a\u00f1o.<\/p>\n","protected":false},"author":1,"featured_media":6070,"comment_status":"closed","ping_status":"closed","sticky":false,"template":"","format":"standard","meta":{"footnotes":""},"categories":[53],"tags":[],"class_list":["post-6069","post","type-post","status-publish","format-standard","has-post-thumbnail","hentry","category-noticias-generales"],"lang":"es","translations":{"es":6069},"pll_sync_post":[],"post_mailing_queue_ids":[],"_links":{"self":[{"href":"http:\/\/staging.ibermusicas.org\/index.php\/wp-json\/wp\/v2\/posts\/6069","targetHints":{"allow":["GET"]}}],"collection":[{"href":"http:\/\/staging.ibermusicas.org\/index.php\/wp-json\/wp\/v2\/posts"}],"about":[{"href":"http:\/\/staging.ibermusicas.org\/index.php\/wp-json\/wp\/v2\/types\/post"}],"author":[{"embeddable":true,"href":"http:\/\/staging.ibermusicas.org\/index.php\/wp-json\/wp\/v2\/users\/1"}],"replies":[{"embeddable":true,"href":"http:\/\/staging.ibermusicas.org\/index.php\/wp-json\/wp\/v2\/comments?post=6069"}],"version-history":[{"count":1,"href":"http:\/\/staging.ibermusicas.org\/index.php\/wp-json\/wp\/v2\/posts\/6069\/revisions"}],"predecessor-version":[{"id":6071,"href":"http:\/\/staging.ibermusicas.org\/index.php\/wp-json\/wp\/v2\/posts\/6069\/revisions\/6071"}],"wp:featuredmedia":[{"embeddable":true,"href":"http:\/\/staging.ibermusicas.org\/index.php\/wp-json\/wp\/v2\/media\/6070"}],"wp:attachment":[{"href":"http:\/\/staging.ibermusicas.org\/index.php\/wp-json\/wp\/v2\/media?parent=6069"}],"wp:term":[{"taxonomy":"category","embeddable":true,"href":"http:\/\/staging.ibermusicas.org\/index.php\/wp-json\/wp\/v2\/categories?post=6069"},{"taxonomy":"post_tag","embeddable":true,"href":"http:\/\/staging.ibermusicas.org\/index.php\/wp-json\/wp\/v2\/tags?post=6069"}],"curies":[{"name":"wp","href":"https:\/\/api.w.org\/{rel}","templated":true}]}}