{"id":6072,"date":"2016-04-29T11:48:00","date_gmt":"2016-04-29T11:48:00","guid":{"rendered":"http:\/\/staging.ibermusicas.org\/?p=6072"},"modified":"2021-05-06T11:54:40","modified_gmt":"2021-05-06T11:54:40","slug":"se-estrena-la-obra-escrita-por-el-compositor-rodrigo-valdez-hermoso","status":"publish","type":"post","link":"http:\/\/staging.ibermusicas.org\/index.php\/se-estrena-la-obra-escrita-por-el-compositor-rodrigo-valdez-hermoso\/","title":{"rendered":"Se estrena la obra escrita por el compositor Rodrigo Vald\u00e9z Hermoso"},"content":{"rendered":"<p><span data-sheets-value=\"{&quot;1&quot;:2,&quot;2&quot;:&quot;La pr\u00f3xima semana, en la ciudad de Bogot\u00e1 - Colombia, el Coro de la Universidad de los Andes realizar\u00e1 el estreno mundial de la obra -LA MANSI\u00d3N DE ARAUCA\u00cdMA- (Homenaje coral a \u00c1lvaro Mutis), escrita por el compositor mexicano RODRIGO VALDEZ HERMOSO con el apoyo de IBERM\u00daSICAS.\\r &quot;}\" data-sheets-userformat=\"{&quot;2&quot;:513,&quot;3&quot;:{&quot;1&quot;:0},&quot;12&quot;:0}\">La pr\u00f3xima semana, en la ciudad de Bogot\u00e1 &#8211; Colombia, el Coro de la Universidad de los Andes realizar\u00e1 el estreno mundial de la obra -LA MANSI\u00d3N DE ARAUCA\u00cdMA- (Homenaje coral a \u00c1lvaro Mutis), escrita por el compositor mexicano RODRIGO VALDEZ HERMOSO con el apoyo de IBERM\u00daSICAS. <\/span><\/p>\n","protected":false},"excerpt":{"rendered":"<p>La pr\u00f3xima semana, en la ciudad de Bogot\u00e1 &#8211; Colombia, el Coro de la Universidad de los Andes realizar\u00e1 el estreno mundial de la obra -LA MANSI\u00d3N DE ARAUCA\u00cdMA- (Homenaje coral a \u00c1lvaro Mutis), escrita por el compositor mexicano RODRIGO VALDEZ HERMOSO con el apoyo de IBERM\u00daSICAS.<\/p>\n","protected":false},"author":1,"featured_media":6073,"comment_status":"closed","ping_status":"closed","sticky":false,"template":"","format":"standard","meta":{"footnotes":""},"categories":[53],"tags":[],"class_list":["post-6072","post","type-post","status-publish","format-standard","has-post-thumbnail","hentry","category-noticias-generales"],"lang":"es","translations":{"es":6072},"pll_sync_post":[],"post_mailing_queue_ids":[],"_links":{"self":[{"href":"http:\/\/staging.ibermusicas.org\/index.php\/wp-json\/wp\/v2\/posts\/6072","targetHints":{"allow":["GET"]}}],"collection":[{"href":"http:\/\/staging.ibermusicas.org\/index.php\/wp-json\/wp\/v2\/posts"}],"about":[{"href":"http:\/\/staging.ibermusicas.org\/index.php\/wp-json\/wp\/v2\/types\/post"}],"author":[{"embeddable":true,"href":"http:\/\/staging.ibermusicas.org\/index.php\/wp-json\/wp\/v2\/users\/1"}],"replies":[{"embeddable":true,"href":"http:\/\/staging.ibermusicas.org\/index.php\/wp-json\/wp\/v2\/comments?post=6072"}],"version-history":[{"count":1,"href":"http:\/\/staging.ibermusicas.org\/index.php\/wp-json\/wp\/v2\/posts\/6072\/revisions"}],"predecessor-version":[{"id":6074,"href":"http:\/\/staging.ibermusicas.org\/index.php\/wp-json\/wp\/v2\/posts\/6072\/revisions\/6074"}],"wp:featuredmedia":[{"embeddable":true,"href":"http:\/\/staging.ibermusicas.org\/index.php\/wp-json\/wp\/v2\/media\/6073"}],"wp:attachment":[{"href":"http:\/\/staging.ibermusicas.org\/index.php\/wp-json\/wp\/v2\/media?parent=6072"}],"wp:term":[{"taxonomy":"category","embeddable":true,"href":"http:\/\/staging.ibermusicas.org\/index.php\/wp-json\/wp\/v2\/categories?post=6072"},{"taxonomy":"post_tag","embeddable":true,"href":"http:\/\/staging.ibermusicas.org\/index.php\/wp-json\/wp\/v2\/tags?post=6072"}],"curies":[{"name":"wp","href":"https:\/\/api.w.org\/{rel}","templated":true}]}}