{"id":6081,"date":"2016-05-20T11:59:15","date_gmt":"2016-05-20T11:59:15","guid":{"rendered":"http:\/\/staging.ibermusicas.org\/?p=6081"},"modified":"2021-05-06T12:02:06","modified_gmt":"2021-05-06T12:02:06","slug":"el-festival-arica-parinacota-jazz-de-chile-convoca-a-la-banda-inguna-la-agrupacion-de-jazz-colombiana-con-sonidos-del-mundo","status":"publish","type":"post","link":"http:\/\/staging.ibermusicas.org\/index.php\/el-festival-arica-parinacota-jazz-de-chile-convoca-a-la-banda-inguna-la-agrupacion-de-jazz-colombiana-con-sonidos-del-mundo\/","title":{"rendered":"El FESTIVAL ARICA PARINACOTA JAZZ de Chile convoca a la banda INGUNA, la agrupaci\u00f3n de jazz colombiana con sonidos del mundo"},"content":{"rendered":"<p><span data-sheets-value=\"{&quot;1&quot;:2,&quot;2&quot;:&quot;INGUNA es un sexteto instrumental de la ciudad de Bogot\u00e1 que apuesta a reinterpretar la tradici\u00f3n Andina Colombiana a trav\u00e9s del Jazz y la m\u00fasica Contempor\u00e1nea. Su arriesgada y vers\u00e1til apuesta est\u00e9tica es una acertada contribuci\u00f3n al fortalecimiento de la identidad colombiana por medio de la pluralidad de sus g\u00e9neros musicales, tomando como punto de partida los ritmos Andinos Colombianos.\\r &quot;}\" data-sheets-userformat=\"{&quot;2&quot;:513,&quot;3&quot;:{&quot;1&quot;:0},&quot;12&quot;:0}\">INGUNA es un sexteto instrumental de la ciudad de Bogot\u00e1 que apuesta a reinterpretar la tradici\u00f3n Andina Colombiana a trav\u00e9s del Jazz y la m\u00fasica Contempor\u00e1nea. Su arriesgada y vers\u00e1til apuesta est\u00e9tica es una acertada contribuci\u00f3n al fortalecimiento de la identidad colombiana por medio de la pluralidad de sus g\u00e9neros musicales, tomando como punto de partida los ritmos Andinos Colombianos. <\/span><\/p>\n","protected":false},"excerpt":{"rendered":"<p>INGUNA es un sexteto instrumental de la ciudad de Bogot\u00e1 que apuesta a reinterpretar la tradici\u00f3n Andina Colombiana a trav\u00e9s del Jazz y la m\u00fasica Contempor\u00e1nea. Su arriesgada y vers\u00e1til apuesta est\u00e9tica es una acertada contribuci\u00f3n al fortalecimiento de la identidad colombiana por medio de la pluralidad de sus g\u00e9neros musicales, tomando como punto de [&hellip;]<\/p>\n","protected":false},"author":1,"featured_media":6082,"comment_status":"closed","ping_status":"closed","sticky":false,"template":"","format":"standard","meta":{"footnotes":""},"categories":[53],"tags":[],"class_list":["post-6081","post","type-post","status-publish","format-standard","has-post-thumbnail","hentry","category-noticias-generales"],"lang":"es","translations":{"es":6081},"pll_sync_post":[],"post_mailing_queue_ids":[],"_links":{"self":[{"href":"http:\/\/staging.ibermusicas.org\/index.php\/wp-json\/wp\/v2\/posts\/6081","targetHints":{"allow":["GET"]}}],"collection":[{"href":"http:\/\/staging.ibermusicas.org\/index.php\/wp-json\/wp\/v2\/posts"}],"about":[{"href":"http:\/\/staging.ibermusicas.org\/index.php\/wp-json\/wp\/v2\/types\/post"}],"author":[{"embeddable":true,"href":"http:\/\/staging.ibermusicas.org\/index.php\/wp-json\/wp\/v2\/users\/1"}],"replies":[{"embeddable":true,"href":"http:\/\/staging.ibermusicas.org\/index.php\/wp-json\/wp\/v2\/comments?post=6081"}],"version-history":[{"count":1,"href":"http:\/\/staging.ibermusicas.org\/index.php\/wp-json\/wp\/v2\/posts\/6081\/revisions"}],"predecessor-version":[{"id":6083,"href":"http:\/\/staging.ibermusicas.org\/index.php\/wp-json\/wp\/v2\/posts\/6081\/revisions\/6083"}],"wp:featuredmedia":[{"embeddable":true,"href":"http:\/\/staging.ibermusicas.org\/index.php\/wp-json\/wp\/v2\/media\/6082"}],"wp:attachment":[{"href":"http:\/\/staging.ibermusicas.org\/index.php\/wp-json\/wp\/v2\/media?parent=6081"}],"wp:term":[{"taxonomy":"category","embeddable":true,"href":"http:\/\/staging.ibermusicas.org\/index.php\/wp-json\/wp\/v2\/categories?post=6081"},{"taxonomy":"post_tag","embeddable":true,"href":"http:\/\/staging.ibermusicas.org\/index.php\/wp-json\/wp\/v2\/tags?post=6081"}],"curies":[{"name":"wp","href":"https:\/\/api.w.org\/{rel}","templated":true}]}}