{"id":6114,"date":"2016-09-10T12:17:03","date_gmt":"2016-09-10T12:17:03","guid":{"rendered":"http:\/\/staging.ibermusicas.org\/?p=6114"},"modified":"2021-05-10T12:20:16","modified_gmt":"2021-05-10T12:20:16","slug":"la-cantante-compositora-y-multi-instrumentista-chilena-felicia-morales-se-presentara-en-el-festival-neutral-en-la-ciudad-de-mexico","status":"publish","type":"post","link":"http:\/\/staging.ibermusicas.org\/index.php\/la-cantante-compositora-y-multi-instrumentista-chilena-felicia-morales-se-presentara-en-el-festival-neutral-en-la-ciudad-de-mexico\/","title":{"rendered":"La cantante, compositora y multi instrumentista chilena FELICIA MORALES se presentar\u00e1 en el FESTIVAL NEUTRAL en la Ciudad de M\u00e9xico"},"content":{"rendered":"<p><span data-sheets-value=\"{&quot;1&quot;:2,&quot;2&quot;:&quot;La destacada multi instrumentista FELICIA MORALES, lleva al FESTIVAL NEUTRAL su particular propuesta cercana a la m\u00fasica de c\u00e1mara que recrea ambientes \u00edntimos de sobrecogedora belleza instrumental con el cello como protagonista y que la ha convertido en una de las artistas m\u00e1s peculiares de su generaci\u00f3n.\\r \\r &quot;}\" data-sheets-userformat=\"{&quot;2&quot;:513,&quot;3&quot;:{&quot;1&quot;:0},&quot;12&quot;:0}\">La destacada multi instrumentista FELICIA MORALES, lleva al FESTIVAL NEUTRAL su particular propuesta cercana a la m\u00fasica de c\u00e1mara que recrea ambientes \u00edntimos de sobrecogedora belleza instrumental con el cello como protagonista y que la ha convertido en una de las artistas m\u00e1s peculiares de su generaci\u00f3n. <\/span><\/p>\n","protected":false},"excerpt":{"rendered":"<p>La destacada multi instrumentista FELICIA MORALES, lleva al FESTIVAL NEUTRAL su particular propuesta cercana a la m\u00fasica de c\u00e1mara que recrea ambientes \u00edntimos de sobrecogedora belleza instrumental con el cello como protagonista y que la ha convertido en una de las artistas m\u00e1s peculiares de su generaci\u00f3n.<\/p>\n","protected":false},"author":1,"featured_media":6115,"comment_status":"closed","ping_status":"closed","sticky":false,"template":"","format":"standard","meta":{"footnotes":""},"categories":[53],"tags":[],"class_list":["post-6114","post","type-post","status-publish","format-standard","has-post-thumbnail","hentry","category-noticias-generales"],"lang":"es","translations":{"es":6114},"pll_sync_post":[],"post_mailing_queue_ids":[],"_links":{"self":[{"href":"http:\/\/staging.ibermusicas.org\/index.php\/wp-json\/wp\/v2\/posts\/6114","targetHints":{"allow":["GET"]}}],"collection":[{"href":"http:\/\/staging.ibermusicas.org\/index.php\/wp-json\/wp\/v2\/posts"}],"about":[{"href":"http:\/\/staging.ibermusicas.org\/index.php\/wp-json\/wp\/v2\/types\/post"}],"author":[{"embeddable":true,"href":"http:\/\/staging.ibermusicas.org\/index.php\/wp-json\/wp\/v2\/users\/1"}],"replies":[{"embeddable":true,"href":"http:\/\/staging.ibermusicas.org\/index.php\/wp-json\/wp\/v2\/comments?post=6114"}],"version-history":[{"count":1,"href":"http:\/\/staging.ibermusicas.org\/index.php\/wp-json\/wp\/v2\/posts\/6114\/revisions"}],"predecessor-version":[{"id":6116,"href":"http:\/\/staging.ibermusicas.org\/index.php\/wp-json\/wp\/v2\/posts\/6114\/revisions\/6116"}],"wp:featuredmedia":[{"embeddable":true,"href":"http:\/\/staging.ibermusicas.org\/index.php\/wp-json\/wp\/v2\/media\/6115"}],"wp:attachment":[{"href":"http:\/\/staging.ibermusicas.org\/index.php\/wp-json\/wp\/v2\/media?parent=6114"}],"wp:term":[{"taxonomy":"category","embeddable":true,"href":"http:\/\/staging.ibermusicas.org\/index.php\/wp-json\/wp\/v2\/categories?post=6114"},{"taxonomy":"post_tag","embeddable":true,"href":"http:\/\/staging.ibermusicas.org\/index.php\/wp-json\/wp\/v2\/tags?post=6114"}],"curies":[{"name":"wp","href":"https:\/\/api.w.org\/{rel}","templated":true}]}}