{"id":6117,"date":"2016-06-10T12:20:37","date_gmt":"2016-06-10T12:20:37","guid":{"rendered":"http:\/\/staging.ibermusicas.org\/?p=6117"},"modified":"2021-05-10T12:22:42","modified_gmt":"2021-05-10T12:22:42","slug":"el-festival-selvamonos-de-peru-recibe-en-su-octava-edicion-a-la-exitosa-banda-uruguaya-el-cuarteto-de-nos","status":"publish","type":"post","link":"http:\/\/staging.ibermusicas.org\/index.php\/el-festival-selvamonos-de-peru-recibe-en-su-octava-edicion-a-la-exitosa-banda-uruguaya-el-cuarteto-de-nos\/","title":{"rendered":"El FESTIVAL SELV\u00c1MONOS de Per\u00fa recibe en su octava edici\u00f3n a la exitosa banda uruguaya EL CUARTETO DE NOS"},"content":{"rendered":"<p><span data-sheets-value=\"{&quot;1&quot;:2,&quot;2&quot;:&quot;El FESTIVAL SELV\u00c1MONOS regresa en su octava edici\u00f3n con dos d\u00edas de celebraci\u00f3n: m\u00e1s de 20 bandas, 3 escenarios, artes pl\u00e1sticas, esc\u00e9nicas, talleres y ferias en medio del imponente marco de las sierras de Oxapampa en la selva central peruana. &quot;}\" data-sheets-userformat=\"{&quot;2&quot;:513,&quot;3&quot;:{&quot;1&quot;:0},&quot;12&quot;:0}\">El FESTIVAL SELV\u00c1MONOS regresa en su octava edici\u00f3n con dos d\u00edas de celebraci\u00f3n: m\u00e1s de 20 bandas, 3 escenarios, artes pl\u00e1sticas, esc\u00e9nicas, talleres y ferias en medio del imponente marco de las sierras de Oxapampa en la selva central peruana. <\/span><\/p>\n","protected":false},"excerpt":{"rendered":"<p>El FESTIVAL SELV\u00c1MONOS regresa en su octava edici\u00f3n con dos d\u00edas de celebraci\u00f3n: m\u00e1s de 20 bandas, 3 escenarios, artes pl\u00e1sticas, esc\u00e9nicas, talleres y ferias en medio del imponente marco de las sierras de Oxapampa en la selva central peruana.<\/p>\n","protected":false},"author":1,"featured_media":6118,"comment_status":"closed","ping_status":"closed","sticky":false,"template":"","format":"standard","meta":{"footnotes":""},"categories":[53],"tags":[],"class_list":["post-6117","post","type-post","status-publish","format-standard","has-post-thumbnail","hentry","category-noticias-generales"],"lang":"es","translations":{"es":6117},"pll_sync_post":[],"post_mailing_queue_ids":[],"_links":{"self":[{"href":"http:\/\/staging.ibermusicas.org\/index.php\/wp-json\/wp\/v2\/posts\/6117","targetHints":{"allow":["GET"]}}],"collection":[{"href":"http:\/\/staging.ibermusicas.org\/index.php\/wp-json\/wp\/v2\/posts"}],"about":[{"href":"http:\/\/staging.ibermusicas.org\/index.php\/wp-json\/wp\/v2\/types\/post"}],"author":[{"embeddable":true,"href":"http:\/\/staging.ibermusicas.org\/index.php\/wp-json\/wp\/v2\/users\/1"}],"replies":[{"embeddable":true,"href":"http:\/\/staging.ibermusicas.org\/index.php\/wp-json\/wp\/v2\/comments?post=6117"}],"version-history":[{"count":1,"href":"http:\/\/staging.ibermusicas.org\/index.php\/wp-json\/wp\/v2\/posts\/6117\/revisions"}],"predecessor-version":[{"id":6119,"href":"http:\/\/staging.ibermusicas.org\/index.php\/wp-json\/wp\/v2\/posts\/6117\/revisions\/6119"}],"wp:featuredmedia":[{"embeddable":true,"href":"http:\/\/staging.ibermusicas.org\/index.php\/wp-json\/wp\/v2\/media\/6118"}],"wp:attachment":[{"href":"http:\/\/staging.ibermusicas.org\/index.php\/wp-json\/wp\/v2\/media?parent=6117"}],"wp:term":[{"taxonomy":"category","embeddable":true,"href":"http:\/\/staging.ibermusicas.org\/index.php\/wp-json\/wp\/v2\/categories?post=6117"},{"taxonomy":"post_tag","embeddable":true,"href":"http:\/\/staging.ibermusicas.org\/index.php\/wp-json\/wp\/v2\/tags?post=6117"}],"curies":[{"name":"wp","href":"https:\/\/api.w.org\/{rel}","templated":true}]}}