{"id":6124,"date":"2016-07-25T12:27:26","date_gmt":"2016-07-25T12:27:26","guid":{"rendered":"http:\/\/staging.ibermusicas.org\/?p=6124"},"modified":"2021-05-10T12:29:11","modified_gmt":"2021-05-10T12:29:11","slug":"el-musico-argentino-luis-conde-realizara-los-conciertos-de-cierre-de-su-residencia-en-nave-el-centro-de-creacion-y-residencia-de-chile","status":"publish","type":"post","link":"http:\/\/staging.ibermusicas.org\/index.php\/el-musico-argentino-luis-conde-realizara-los-conciertos-de-cierre-de-su-residencia-en-nave-el-centro-de-creacion-y-residencia-de-chile\/","title":{"rendered":"El m\u00fasico argentino LUIS CONDE realizar\u00e1 los conciertos de cierre de su residencia en NAVE, el centro de creaci\u00f3n y residencia de Chile"},"content":{"rendered":"<p><span data-sheets-value=\"{&quot;1&quot;:2,&quot;2&quot;:&quot;LUIS CONDE es un m\u00fasico argentino, improvisador, compositor y performer, activo integrante de la escena experimental argentina y docente universitario. Su trabajo actualmente est\u00e1 orientado a investigar procesos no convencionales de expresi\u00f3n en los l\u00edmites de los g\u00e9neros y el lenguaje.&quot;}\" data-sheets-userformat=\"{&quot;2&quot;:513,&quot;3&quot;:{&quot;1&quot;:0},&quot;12&quot;:0}\">LUIS CONDE es un m\u00fasico argentino, improvisador, compositor y performer, activo integrante de la escena experimental argentina y docente universitario. Su trabajo actualmente est\u00e1 orientado a investigar procesos no convencionales de expresi\u00f3n en los l\u00edmites de los g\u00e9neros y el lenguaje.<\/span><\/p>\n","protected":false},"excerpt":{"rendered":"<p>LUIS CONDE es un m\u00fasico argentino, improvisador, compositor y performer, activo integrante de la escena experimental argentina y docente universitario. Su trabajo actualmente est\u00e1 orientado a investigar procesos no convencionales de expresi\u00f3n en los l\u00edmites de los g\u00e9neros y el lenguaje.<\/p>\n","protected":false},"author":1,"featured_media":6125,"comment_status":"closed","ping_status":"closed","sticky":false,"template":"","format":"standard","meta":{"footnotes":""},"categories":[53],"tags":[],"class_list":["post-6124","post","type-post","status-publish","format-standard","has-post-thumbnail","hentry","category-noticias-generales"],"lang":"es","translations":{"es":6124},"pll_sync_post":[],"post_mailing_queue_ids":[],"_links":{"self":[{"href":"http:\/\/staging.ibermusicas.org\/index.php\/wp-json\/wp\/v2\/posts\/6124","targetHints":{"allow":["GET"]}}],"collection":[{"href":"http:\/\/staging.ibermusicas.org\/index.php\/wp-json\/wp\/v2\/posts"}],"about":[{"href":"http:\/\/staging.ibermusicas.org\/index.php\/wp-json\/wp\/v2\/types\/post"}],"author":[{"embeddable":true,"href":"http:\/\/staging.ibermusicas.org\/index.php\/wp-json\/wp\/v2\/users\/1"}],"replies":[{"embeddable":true,"href":"http:\/\/staging.ibermusicas.org\/index.php\/wp-json\/wp\/v2\/comments?post=6124"}],"version-history":[{"count":1,"href":"http:\/\/staging.ibermusicas.org\/index.php\/wp-json\/wp\/v2\/posts\/6124\/revisions"}],"predecessor-version":[{"id":6126,"href":"http:\/\/staging.ibermusicas.org\/index.php\/wp-json\/wp\/v2\/posts\/6124\/revisions\/6126"}],"wp:featuredmedia":[{"embeddable":true,"href":"http:\/\/staging.ibermusicas.org\/index.php\/wp-json\/wp\/v2\/media\/6125"}],"wp:attachment":[{"href":"http:\/\/staging.ibermusicas.org\/index.php\/wp-json\/wp\/v2\/media?parent=6124"}],"wp:term":[{"taxonomy":"category","embeddable":true,"href":"http:\/\/staging.ibermusicas.org\/index.php\/wp-json\/wp\/v2\/categories?post=6124"},{"taxonomy":"post_tag","embeddable":true,"href":"http:\/\/staging.ibermusicas.org\/index.php\/wp-json\/wp\/v2\/tags?post=6124"}],"curies":[{"name":"wp","href":"https:\/\/api.w.org\/{rel}","templated":true}]}}