{"id":6128,"date":"2016-08-10T12:29:58","date_gmt":"2016-08-10T12:29:58","guid":{"rendered":"http:\/\/staging.ibermusicas.org\/?p=6128"},"modified":"2021-05-10T12:31:41","modified_gmt":"2021-05-10T12:31:41","slug":"ciudad-gragea-la-banda-indie-peruana-viaja-a-santa-marta-colombia-como-parte-de-la-red-de-artistas-independientes-que-confluyen-en-el-toque-del-sabado","status":"publish","type":"post","link":"http:\/\/staging.ibermusicas.org\/index.php\/ciudad-gragea-la-banda-indie-peruana-viaja-a-santa-marta-colombia-como-parte-de-la-red-de-artistas-independientes-que-confluyen-en-el-toque-del-sabado\/","title":{"rendered":"Ciudad Gragea, la banda indie peruana viaja a Santa Marta, Colombia como parte de la red de artistas independientes que confluyen en EL TOQUE DEL S\u00c1BADO"},"content":{"rendered":"<p><span data-sheets-value=\"{&quot;1&quot;:2,&quot;2&quot;:&quot;CIUDAD GRAGEA, de Trujillo, La Libertad, Per\u00fa es una banda Experimental \/ New Wave \/ Pop con una fresca y colorida propuesta art\u00edstica, en la cual predominan las melod\u00edas pegadizas y los sintetizadores. Con el apoyo de IBERM\u00daSICAS viajan en julio a Santa Marta, Colombia para presentarse en EL TOQUE DEL S\u00c1BADO, un formato de conciertos creado por EM RECORDS para impulsar y generar plataformas de circulaci\u00f3n musical para artistas independientes emergentes.\\r \\r &quot;}\" data-sheets-userformat=\"{&quot;2&quot;:513,&quot;3&quot;:{&quot;1&quot;:0},&quot;12&quot;:0}\">CIUDAD GRAGEA, de Trujillo, La Libertad, Per\u00fa es una banda Experimental \/ New Wave \/ Pop con una fresca y colorida propuesta art\u00edstica, en la cual predominan las melod\u00edas pegadizas y los sintetizadores. Con el apoyo de IBERM\u00daSICAS viajan en julio a Santa Marta, Colombia para presentarse en EL TOQUE DEL S\u00c1BADO, un formato de conciertos creado por EM RECORDS para impulsar y generar plataformas de circulaci\u00f3n musical para artistas independientes emergentes. <\/span><\/p>\n","protected":false},"excerpt":{"rendered":"<p>CIUDAD GRAGEA, de Trujillo, La Libertad, Per\u00fa es una banda Experimental \/ New Wave \/ Pop con una fresca y colorida propuesta art\u00edstica, en la cual predominan las melod\u00edas pegadizas y los sintetizadores. Con el apoyo de IBERM\u00daSICAS viajan en julio a Santa Marta, Colombia para presentarse en EL TOQUE DEL S\u00c1BADO, un formato de [&hellip;]<\/p>\n","protected":false},"author":1,"featured_media":6129,"comment_status":"closed","ping_status":"closed","sticky":false,"template":"","format":"standard","meta":{"footnotes":""},"categories":[53],"tags":[],"class_list":["post-6128","post","type-post","status-publish","format-standard","has-post-thumbnail","hentry","category-noticias-generales"],"lang":"es","translations":{"es":6128},"pll_sync_post":[],"post_mailing_queue_ids":[],"_links":{"self":[{"href":"http:\/\/staging.ibermusicas.org\/index.php\/wp-json\/wp\/v2\/posts\/6128","targetHints":{"allow":["GET"]}}],"collection":[{"href":"http:\/\/staging.ibermusicas.org\/index.php\/wp-json\/wp\/v2\/posts"}],"about":[{"href":"http:\/\/staging.ibermusicas.org\/index.php\/wp-json\/wp\/v2\/types\/post"}],"author":[{"embeddable":true,"href":"http:\/\/staging.ibermusicas.org\/index.php\/wp-json\/wp\/v2\/users\/1"}],"replies":[{"embeddable":true,"href":"http:\/\/staging.ibermusicas.org\/index.php\/wp-json\/wp\/v2\/comments?post=6128"}],"version-history":[{"count":1,"href":"http:\/\/staging.ibermusicas.org\/index.php\/wp-json\/wp\/v2\/posts\/6128\/revisions"}],"predecessor-version":[{"id":6130,"href":"http:\/\/staging.ibermusicas.org\/index.php\/wp-json\/wp\/v2\/posts\/6128\/revisions\/6130"}],"wp:featuredmedia":[{"embeddable":true,"href":"http:\/\/staging.ibermusicas.org\/index.php\/wp-json\/wp\/v2\/media\/6129"}],"wp:attachment":[{"href":"http:\/\/staging.ibermusicas.org\/index.php\/wp-json\/wp\/v2\/media?parent=6128"}],"wp:term":[{"taxonomy":"category","embeddable":true,"href":"http:\/\/staging.ibermusicas.org\/index.php\/wp-json\/wp\/v2\/categories?post=6128"},{"taxonomy":"post_tag","embeddable":true,"href":"http:\/\/staging.ibermusicas.org\/index.php\/wp-json\/wp\/v2\/tags?post=6128"}],"curies":[{"name":"wp","href":"https:\/\/api.w.org\/{rel}","templated":true}]}}