{"id":6134,"date":"2016-06-25T12:34:36","date_gmt":"2016-06-25T12:34:36","guid":{"rendered":"http:\/\/staging.ibermusicas.org\/?p=6134"},"modified":"2021-05-10T12:36:06","modified_gmt":"2021-05-10T12:36:06","slug":"con-la-presentacion-de-grandes-maestros-y-maestras-de-la-guitarra-latinoamericana-se-llevara-adelante-el-festival-internacional-de-guitarra-guitar-fest-peru","status":"publish","type":"post","link":"http:\/\/staging.ibermusicas.org\/index.php\/con-la-presentacion-de-grandes-maestros-y-maestras-de-la-guitarra-latinoamericana-se-llevara-adelante-el-festival-internacional-de-guitarra-guitar-fest-peru\/","title":{"rendered":"Con la presentaci\u00f3n de grandes maestros y maestras de la guitarra latinoamericana, se llevar\u00e1 adelante el FESTIVAL INTERNACIONAL DE GUITARRA GUITAR FEST PER\u00da"},"content":{"rendered":"<p><span data-sheets-value=\"{&quot;1&quot;:2,&quot;2&quot;:&quot;Con solistas de Argentina, Chile, Colombia, Espa\u00f1a, M\u00e9xico, Paraguay y Per\u00fa se realizar\u00e1 en dos sedes de la ciudad de Lima la s\u00e9ptima edici\u00f3n del GUITAR FEST PER\u00da. &quot;}\" data-sheets-userformat=\"{&quot;2&quot;:513,&quot;3&quot;:{&quot;1&quot;:0},&quot;12&quot;:0}\">Con solistas de Argentina, Chile, Colombia, Espa\u00f1a, M\u00e9xico, Paraguay y Per\u00fa se realizar\u00e1 en dos sedes de la ciudad de Lima la s\u00e9ptima edici\u00f3n del GUITAR FEST PER\u00da. <\/span><\/p>\n","protected":false},"excerpt":{"rendered":"<p>Con solistas de Argentina, Chile, Colombia, Espa\u00f1a, M\u00e9xico, Paraguay y Per\u00fa se realizar\u00e1 en dos sedes de la ciudad de Lima la s\u00e9ptima edici\u00f3n del GUITAR FEST PER\u00da.<\/p>\n","protected":false},"author":1,"featured_media":6135,"comment_status":"closed","ping_status":"closed","sticky":false,"template":"","format":"standard","meta":{"footnotes":""},"categories":[53],"tags":[],"class_list":["post-6134","post","type-post","status-publish","format-standard","has-post-thumbnail","hentry","category-noticias-generales"],"lang":"es","translations":{"es":6134},"pll_sync_post":[],"post_mailing_queue_ids":[],"_links":{"self":[{"href":"http:\/\/staging.ibermusicas.org\/index.php\/wp-json\/wp\/v2\/posts\/6134","targetHints":{"allow":["GET"]}}],"collection":[{"href":"http:\/\/staging.ibermusicas.org\/index.php\/wp-json\/wp\/v2\/posts"}],"about":[{"href":"http:\/\/staging.ibermusicas.org\/index.php\/wp-json\/wp\/v2\/types\/post"}],"author":[{"embeddable":true,"href":"http:\/\/staging.ibermusicas.org\/index.php\/wp-json\/wp\/v2\/users\/1"}],"replies":[{"embeddable":true,"href":"http:\/\/staging.ibermusicas.org\/index.php\/wp-json\/wp\/v2\/comments?post=6134"}],"version-history":[{"count":1,"href":"http:\/\/staging.ibermusicas.org\/index.php\/wp-json\/wp\/v2\/posts\/6134\/revisions"}],"predecessor-version":[{"id":6136,"href":"http:\/\/staging.ibermusicas.org\/index.php\/wp-json\/wp\/v2\/posts\/6134\/revisions\/6136"}],"wp:featuredmedia":[{"embeddable":true,"href":"http:\/\/staging.ibermusicas.org\/index.php\/wp-json\/wp\/v2\/media\/6135"}],"wp:attachment":[{"href":"http:\/\/staging.ibermusicas.org\/index.php\/wp-json\/wp\/v2\/media?parent=6134"}],"wp:term":[{"taxonomy":"category","embeddable":true,"href":"http:\/\/staging.ibermusicas.org\/index.php\/wp-json\/wp\/v2\/categories?post=6134"},{"taxonomy":"post_tag","embeddable":true,"href":"http:\/\/staging.ibermusicas.org\/index.php\/wp-json\/wp\/v2\/tags?post=6134"}],"curies":[{"name":"wp","href":"https:\/\/api.w.org\/{rel}","templated":true}]}}