{"id":6137,"date":"2016-07-01T12:36:18","date_gmt":"2016-07-01T12:36:18","guid":{"rendered":"http:\/\/staging.ibermusicas.org\/?p=6137"},"modified":"2021-05-10T12:37:43","modified_gmt":"2021-05-10T12:37:43","slug":"la-banda-mexicana-fesway-se-presentara-en-el-festival-viva-el-planeta-de-colombia","status":"publish","type":"post","link":"http:\/\/staging.ibermusicas.org\/index.php\/la-banda-mexicana-fesway-se-presentara-en-el-festival-viva-el-planeta-de-colombia\/","title":{"rendered":"La banda mexicana FESWAY se presentar\u00e1 en el festival VIVA EL PLANETA de Colombia"},"content":{"rendered":"<p><span data-sheets-value=\"{&quot;1&quot;:2,&quot;2&quot;:&quot;FESWAY es un grupo originario de Guadalajara, Jalisco, M\u00e9xico que explora nuevos sonidos a trav\u00e9s de un rock pop experimental e hipn\u00f3tico.&quot;}\" data-sheets-userformat=\"{&quot;2&quot;:513,&quot;3&quot;:{&quot;1&quot;:0},&quot;12&quot;:0}\">FESWAY es un grupo originario de Guadalajara, Jalisco, M\u00e9xico que explora nuevos sonidos a trav\u00e9s de un rock pop experimental e hipn\u00f3tico.<\/span><\/p>\n","protected":false},"excerpt":{"rendered":"<p>FESWAY es un grupo originario de Guadalajara, Jalisco, M\u00e9xico que explora nuevos sonidos a trav\u00e9s de un rock pop experimental e hipn\u00f3tico.<\/p>\n","protected":false},"author":1,"featured_media":6138,"comment_status":"closed","ping_status":"closed","sticky":false,"template":"","format":"standard","meta":{"footnotes":""},"categories":[53],"tags":[],"class_list":["post-6137","post","type-post","status-publish","format-standard","has-post-thumbnail","hentry","category-noticias-generales"],"lang":"es","translations":{"es":6137},"pll_sync_post":[],"post_mailing_queue_ids":[],"_links":{"self":[{"href":"http:\/\/staging.ibermusicas.org\/index.php\/wp-json\/wp\/v2\/posts\/6137","targetHints":{"allow":["GET"]}}],"collection":[{"href":"http:\/\/staging.ibermusicas.org\/index.php\/wp-json\/wp\/v2\/posts"}],"about":[{"href":"http:\/\/staging.ibermusicas.org\/index.php\/wp-json\/wp\/v2\/types\/post"}],"author":[{"embeddable":true,"href":"http:\/\/staging.ibermusicas.org\/index.php\/wp-json\/wp\/v2\/users\/1"}],"replies":[{"embeddable":true,"href":"http:\/\/staging.ibermusicas.org\/index.php\/wp-json\/wp\/v2\/comments?post=6137"}],"version-history":[{"count":1,"href":"http:\/\/staging.ibermusicas.org\/index.php\/wp-json\/wp\/v2\/posts\/6137\/revisions"}],"predecessor-version":[{"id":6139,"href":"http:\/\/staging.ibermusicas.org\/index.php\/wp-json\/wp\/v2\/posts\/6137\/revisions\/6139"}],"wp:featuredmedia":[{"embeddable":true,"href":"http:\/\/staging.ibermusicas.org\/index.php\/wp-json\/wp\/v2\/media\/6138"}],"wp:attachment":[{"href":"http:\/\/staging.ibermusicas.org\/index.php\/wp-json\/wp\/v2\/media?parent=6137"}],"wp:term":[{"taxonomy":"category","embeddable":true,"href":"http:\/\/staging.ibermusicas.org\/index.php\/wp-json\/wp\/v2\/categories?post=6137"},{"taxonomy":"post_tag","embeddable":true,"href":"http:\/\/staging.ibermusicas.org\/index.php\/wp-json\/wp\/v2\/tags?post=6137"}],"curies":[{"name":"wp","href":"https:\/\/api.w.org\/{rel}","templated":true}]}}