{"id":6140,"date":"2016-06-17T13:05:26","date_gmt":"2016-06-17T13:05:26","guid":{"rendered":"http:\/\/staging.ibermusicas.org\/?p=6140"},"modified":"2021-05-10T13:08:30","modified_gmt":"2021-05-10T13:08:30","slug":"el-compositor-javier-torres-maldonado-inicia-su-residencia-compositiva-en-el-centro-nacional-de-las-artes-de-la-ciudad-de-mexico","status":"publish","type":"post","link":"http:\/\/staging.ibermusicas.org\/index.php\/el-compositor-javier-torres-maldonado-inicia-su-residencia-compositiva-en-el-centro-nacional-de-las-artes-de-la-ciudad-de-mexico\/","title":{"rendered":"El compositor JAVIER TORRES MALDONADO inicia su residencia compositiva en el CENTRO NACIONAL DE LAS ARTES de la Ciudad de M\u00e9xico"},"content":{"rendered":"<p><span data-sheets-value=\"{&quot;1&quot;:2,&quot;2&quot;:&quot;La residencia art\u00edstica que el compositor Javier Torres Maldonado llevar\u00e1 a cabo durante julio de 2016, en el Centro Nacional de las Artes, comprende la creaci\u00f3n de una obra especialmente compuesta para el prestigioso Cuarteto Arditti y el contratenor Jake Arditti. &quot;}\" data-sheets-userformat=\"{&quot;2&quot;:513,&quot;3&quot;:{&quot;1&quot;:0},&quot;12&quot;:0}\">La residencia art\u00edstica que el compositor Javier Torres Maldonado llevar\u00e1 a cabo durante julio de 2016, en el Centro Nacional de las Artes, comprende la creaci\u00f3n de una obra especialmente compuesta para el prestigioso Cuarteto Arditti y el contratenor Jake Arditti. <\/span><\/p>\n","protected":false},"excerpt":{"rendered":"<p>La residencia art\u00edstica que el compositor Javier Torres Maldonado llevar\u00e1 a cabo durante julio de 2016, en el Centro Nacional de las Artes, comprende la creaci\u00f3n de una obra especialmente compuesta para el prestigioso Cuarteto Arditti y el contratenor Jake Arditti.<\/p>\n","protected":false},"author":1,"featured_media":6141,"comment_status":"closed","ping_status":"closed","sticky":false,"template":"","format":"standard","meta":{"footnotes":""},"categories":[53],"tags":[],"class_list":["post-6140","post","type-post","status-publish","format-standard","has-post-thumbnail","hentry","category-noticias-generales"],"lang":"es","translations":{"es":6140},"pll_sync_post":[],"post_mailing_queue_ids":[],"_links":{"self":[{"href":"http:\/\/staging.ibermusicas.org\/index.php\/wp-json\/wp\/v2\/posts\/6140","targetHints":{"allow":["GET"]}}],"collection":[{"href":"http:\/\/staging.ibermusicas.org\/index.php\/wp-json\/wp\/v2\/posts"}],"about":[{"href":"http:\/\/staging.ibermusicas.org\/index.php\/wp-json\/wp\/v2\/types\/post"}],"author":[{"embeddable":true,"href":"http:\/\/staging.ibermusicas.org\/index.php\/wp-json\/wp\/v2\/users\/1"}],"replies":[{"embeddable":true,"href":"http:\/\/staging.ibermusicas.org\/index.php\/wp-json\/wp\/v2\/comments?post=6140"}],"version-history":[{"count":1,"href":"http:\/\/staging.ibermusicas.org\/index.php\/wp-json\/wp\/v2\/posts\/6140\/revisions"}],"predecessor-version":[{"id":6142,"href":"http:\/\/staging.ibermusicas.org\/index.php\/wp-json\/wp\/v2\/posts\/6140\/revisions\/6142"}],"wp:featuredmedia":[{"embeddable":true,"href":"http:\/\/staging.ibermusicas.org\/index.php\/wp-json\/wp\/v2\/media\/6141"}],"wp:attachment":[{"href":"http:\/\/staging.ibermusicas.org\/index.php\/wp-json\/wp\/v2\/media?parent=6140"}],"wp:term":[{"taxonomy":"category","embeddable":true,"href":"http:\/\/staging.ibermusicas.org\/index.php\/wp-json\/wp\/v2\/categories?post=6140"},{"taxonomy":"post_tag","embeddable":true,"href":"http:\/\/staging.ibermusicas.org\/index.php\/wp-json\/wp\/v2\/tags?post=6140"}],"curies":[{"name":"wp","href":"https:\/\/api.w.org\/{rel}","templated":true}]}}