{"id":6143,"date":"2016-10-10T13:08:50","date_gmt":"2016-10-10T13:08:50","guid":{"rendered":"http:\/\/staging.ibermusicas.org\/?p=6143"},"modified":"2021-05-10T13:11:49","modified_gmt":"2021-05-10T13:11:49","slug":"el-compositor-chileno-manuel-contreras-vazquez-inicia-su-residencia-compositiva-en-la-fundacion-cinenomada-para-las-artes-en-la-paz-bolivia","status":"publish","type":"post","link":"http:\/\/staging.ibermusicas.org\/index.php\/el-compositor-chileno-manuel-contreras-vazquez-inicia-su-residencia-compositiva-en-la-fundacion-cinenomada-para-las-artes-en-la-paz-bolivia\/","title":{"rendered":"El compositor chileno MANUEL CONTRERAS V\u00c1ZQUEZ inicia su residencia compositiva en la FUNDACI\u00d3N CINEN\u00d3MADA PARA LAS ARTES en La Paz, Bolivia"},"content":{"rendered":"<p><span data-sheets-value=\"{&quot;1&quot;:2,&quot;2&quot;:&quot;El elemento central de la residencia de MANUEL CONTRETAS V\u00c1ZQUEZ en el centro \u201cLa Caba\u00f1a\u201d\/ \u201cSorojchi Tambo\u201d de la FUNDACI\u00d3N CINEN\u00d3MADA ser\u00e1 el trabajo de campo destinado a visitar y recoger de primera fuente elementos para la creaci\u00f3n de la obra. &quot;}\" data-sheets-userformat=\"{&quot;2&quot;:513,&quot;3&quot;:{&quot;1&quot;:0},&quot;12&quot;:0}\">El elemento central de la residencia de MANUEL CONTRETAS V\u00c1ZQUEZ en el centro \u201cLa Caba\u00f1a\u201d\/ \u201cSorojchi Tambo\u201d de la FUNDACI\u00d3N CINEN\u00d3MADA ser\u00e1 el trabajo de campo destinado a visitar y recoger de primera fuente elementos para la creaci\u00f3n de la obra. <\/span><\/p>\n","protected":false},"excerpt":{"rendered":"<p>El elemento central de la residencia de MANUEL CONTRETAS V\u00c1ZQUEZ en el centro \u201cLa Caba\u00f1a\u201d\/ \u201cSorojchi Tambo\u201d de la FUNDACI\u00d3N CINEN\u00d3MADA ser\u00e1 el trabajo de campo destinado a visitar y recoger de primera fuente elementos para la creaci\u00f3n de la obra.<\/p>\n","protected":false},"author":1,"featured_media":6144,"comment_status":"closed","ping_status":"closed","sticky":false,"template":"","format":"standard","meta":{"footnotes":""},"categories":[53],"tags":[],"class_list":["post-6143","post","type-post","status-publish","format-standard","has-post-thumbnail","hentry","category-noticias-generales"],"lang":"es","translations":{"es":6143},"pll_sync_post":[],"post_mailing_queue_ids":[],"_links":{"self":[{"href":"http:\/\/staging.ibermusicas.org\/index.php\/wp-json\/wp\/v2\/posts\/6143","targetHints":{"allow":["GET"]}}],"collection":[{"href":"http:\/\/staging.ibermusicas.org\/index.php\/wp-json\/wp\/v2\/posts"}],"about":[{"href":"http:\/\/staging.ibermusicas.org\/index.php\/wp-json\/wp\/v2\/types\/post"}],"author":[{"embeddable":true,"href":"http:\/\/staging.ibermusicas.org\/index.php\/wp-json\/wp\/v2\/users\/1"}],"replies":[{"embeddable":true,"href":"http:\/\/staging.ibermusicas.org\/index.php\/wp-json\/wp\/v2\/comments?post=6143"}],"version-history":[{"count":1,"href":"http:\/\/staging.ibermusicas.org\/index.php\/wp-json\/wp\/v2\/posts\/6143\/revisions"}],"predecessor-version":[{"id":6145,"href":"http:\/\/staging.ibermusicas.org\/index.php\/wp-json\/wp\/v2\/posts\/6143\/revisions\/6145"}],"wp:featuredmedia":[{"embeddable":true,"href":"http:\/\/staging.ibermusicas.org\/index.php\/wp-json\/wp\/v2\/media\/6144"}],"wp:attachment":[{"href":"http:\/\/staging.ibermusicas.org\/index.php\/wp-json\/wp\/v2\/media?parent=6143"}],"wp:term":[{"taxonomy":"category","embeddable":true,"href":"http:\/\/staging.ibermusicas.org\/index.php\/wp-json\/wp\/v2\/categories?post=6143"},{"taxonomy":"post_tag","embeddable":true,"href":"http:\/\/staging.ibermusicas.org\/index.php\/wp-json\/wp\/v2\/tags?post=6143"}],"curies":[{"name":"wp","href":"https:\/\/api.w.org\/{rel}","templated":true}]}}