{"id":6146,"date":"2016-07-06T13:12:14","date_gmt":"2016-07-06T13:12:14","guid":{"rendered":"http:\/\/staging.ibermusicas.org\/?p=6146"},"modified":"2021-05-10T13:14:02","modified_gmt":"2021-05-10T13:14:02","slug":"desde-costa-rica-syntagma-musicum-viaja-a-mexico-para-participar-en-el-festival-musica-allegra","status":"publish","type":"post","link":"http:\/\/staging.ibermusicas.org\/index.php\/desde-costa-rica-syntagma-musicum-viaja-a-mexico-para-participar-en-el-festival-musica-allegra\/","title":{"rendered":"Desde Costa Rica SYNTAGMA MUSICUM viaja a M\u00e9xico para participar en el festival M\u00daSICA ALLEGRA"},"content":{"rendered":"<p><span data-sheets-value=\"{&quot;1&quot;:2,&quot;2&quot;:&quot;Con m\u00e1s de treinta a\u00f1os de trayectoria la agrupaci\u00f3n costarricense Syntagma Musicum se especializa en interpretar repertorio europeo y colonial latinoamericano de los siglos XVII y XVIII.\\r &quot;}\" data-sheets-userformat=\"{&quot;2&quot;:513,&quot;3&quot;:{&quot;1&quot;:0},&quot;12&quot;:0}\">Con m\u00e1s de treinta a\u00f1os de trayectoria la agrupaci\u00f3n costarricense Syntagma Musicum se especializa en interpretar repertorio europeo y colonial latinoamericano de los siglos XVII y XVIII. <\/span><\/p>\n","protected":false},"excerpt":{"rendered":"<p>Con m\u00e1s de treinta a\u00f1os de trayectoria la agrupaci\u00f3n costarricense Syntagma Musicum se especializa en interpretar repertorio europeo y colonial latinoamericano de los siglos XVII y XVIII.<\/p>\n","protected":false},"author":1,"featured_media":6147,"comment_status":"closed","ping_status":"closed","sticky":false,"template":"","format":"standard","meta":{"footnotes":""},"categories":[53],"tags":[],"class_list":["post-6146","post","type-post","status-publish","format-standard","has-post-thumbnail","hentry","category-noticias-generales"],"lang":"es","translations":{"es":6146},"pll_sync_post":[],"post_mailing_queue_ids":[],"_links":{"self":[{"href":"http:\/\/staging.ibermusicas.org\/index.php\/wp-json\/wp\/v2\/posts\/6146","targetHints":{"allow":["GET"]}}],"collection":[{"href":"http:\/\/staging.ibermusicas.org\/index.php\/wp-json\/wp\/v2\/posts"}],"about":[{"href":"http:\/\/staging.ibermusicas.org\/index.php\/wp-json\/wp\/v2\/types\/post"}],"author":[{"embeddable":true,"href":"http:\/\/staging.ibermusicas.org\/index.php\/wp-json\/wp\/v2\/users\/1"}],"replies":[{"embeddable":true,"href":"http:\/\/staging.ibermusicas.org\/index.php\/wp-json\/wp\/v2\/comments?post=6146"}],"version-history":[{"count":1,"href":"http:\/\/staging.ibermusicas.org\/index.php\/wp-json\/wp\/v2\/posts\/6146\/revisions"}],"predecessor-version":[{"id":6148,"href":"http:\/\/staging.ibermusicas.org\/index.php\/wp-json\/wp\/v2\/posts\/6146\/revisions\/6148"}],"wp:featuredmedia":[{"embeddable":true,"href":"http:\/\/staging.ibermusicas.org\/index.php\/wp-json\/wp\/v2\/media\/6147"}],"wp:attachment":[{"href":"http:\/\/staging.ibermusicas.org\/index.php\/wp-json\/wp\/v2\/media?parent=6146"}],"wp:term":[{"taxonomy":"category","embeddable":true,"href":"http:\/\/staging.ibermusicas.org\/index.php\/wp-json\/wp\/v2\/categories?post=6146"},{"taxonomy":"post_tag","embeddable":true,"href":"http:\/\/staging.ibermusicas.org\/index.php\/wp-json\/wp\/v2\/tags?post=6146"}],"curies":[{"name":"wp","href":"https:\/\/api.w.org\/{rel}","templated":true}]}}