{"id":6149,"date":"2016-07-22T13:14:21","date_gmt":"2016-07-22T13:14:21","guid":{"rendered":"http:\/\/staging.ibermusicas.org\/?p=6149"},"modified":"2021-05-10T13:15:41","modified_gmt":"2021-05-10T13:15:41","slug":"desde-brasil-el-grupo-andre-sampaio-os-afro-mandinga-viaja-a-mexico-para-la-clausura-del-festival-internacional-raices","status":"publish","type":"post","link":"http:\/\/staging.ibermusicas.org\/index.php\/desde-brasil-el-grupo-andre-sampaio-os-afro-mandinga-viaja-a-mexico-para-la-clausura-del-festival-internacional-raices\/","title":{"rendered":"Desde Brasil el grupo ANDR\u00c9 SAMPAIO &#038; OS AFRO MANDINGA viaja a M\u00e9xico para la clausura del FESTIVAL INTERNACIONAL RA\u00cdCES"},"content":{"rendered":"<p><span data-sheets-value=\"{&quot;1&quot;:2,&quot;2&quot;:&quot;En el m\u00e1gico bosque de niebla coatepecana de Xalapa, M\u00e9xico se realiza el FESTIVAL RA\u00cdCES, un encuentro intercultural y multidisciplinario donde la m\u00fasica y la danza de distintas partes del mundo comparten un espacio para transmitirse, recrearse y revitalizarse.&quot;}\" data-sheets-userformat=\"{&quot;2&quot;:513,&quot;3&quot;:{&quot;1&quot;:0},&quot;12&quot;:0}\">En el m\u00e1gico bosque de niebla coatepecana de Xalapa, M\u00e9xico se realiza el FESTIVAL RA\u00cdCES, un encuentro intercultural y multidisciplinario donde la m\u00fasica y la danza de distintas partes del mundo comparten un espacio para transmitirse, recrearse y revitalizarse.<\/span><\/p>\n","protected":false},"excerpt":{"rendered":"<p>En el m\u00e1gico bosque de niebla coatepecana de Xalapa, M\u00e9xico se realiza el FESTIVAL RA\u00cdCES, un encuentro intercultural y multidisciplinario donde la m\u00fasica y la danza de distintas partes del mundo comparten un espacio para transmitirse, recrearse y revitalizarse.<\/p>\n","protected":false},"author":1,"featured_media":6150,"comment_status":"closed","ping_status":"closed","sticky":false,"template":"","format":"standard","meta":{"footnotes":""},"categories":[53],"tags":[],"class_list":["post-6149","post","type-post","status-publish","format-standard","has-post-thumbnail","hentry","category-noticias-generales"],"lang":"es","translations":{"es":6149},"pll_sync_post":[],"post_mailing_queue_ids":[],"_links":{"self":[{"href":"http:\/\/staging.ibermusicas.org\/index.php\/wp-json\/wp\/v2\/posts\/6149","targetHints":{"allow":["GET"]}}],"collection":[{"href":"http:\/\/staging.ibermusicas.org\/index.php\/wp-json\/wp\/v2\/posts"}],"about":[{"href":"http:\/\/staging.ibermusicas.org\/index.php\/wp-json\/wp\/v2\/types\/post"}],"author":[{"embeddable":true,"href":"http:\/\/staging.ibermusicas.org\/index.php\/wp-json\/wp\/v2\/users\/1"}],"replies":[{"embeddable":true,"href":"http:\/\/staging.ibermusicas.org\/index.php\/wp-json\/wp\/v2\/comments?post=6149"}],"version-history":[{"count":1,"href":"http:\/\/staging.ibermusicas.org\/index.php\/wp-json\/wp\/v2\/posts\/6149\/revisions"}],"predecessor-version":[{"id":6151,"href":"http:\/\/staging.ibermusicas.org\/index.php\/wp-json\/wp\/v2\/posts\/6149\/revisions\/6151"}],"wp:featuredmedia":[{"embeddable":true,"href":"http:\/\/staging.ibermusicas.org\/index.php\/wp-json\/wp\/v2\/media\/6150"}],"wp:attachment":[{"href":"http:\/\/staging.ibermusicas.org\/index.php\/wp-json\/wp\/v2\/media?parent=6149"}],"wp:term":[{"taxonomy":"category","embeddable":true,"href":"http:\/\/staging.ibermusicas.org\/index.php\/wp-json\/wp\/v2\/categories?post=6149"},{"taxonomy":"post_tag","embeddable":true,"href":"http:\/\/staging.ibermusicas.org\/index.php\/wp-json\/wp\/v2\/tags?post=6149"}],"curies":[{"name":"wp","href":"https:\/\/api.w.org\/{rel}","templated":true}]}}