{"id":6152,"date":"2016-10-10T13:15:48","date_gmt":"2016-10-10T13:15:48","guid":{"rendered":"http:\/\/staging.ibermusicas.org\/?p=6152"},"modified":"2021-05-10T13:17:19","modified_gmt":"2021-05-10T13:17:19","slug":"la-banda-brasilera-graveola-sera-parte-de-la-programacion-del-festival-musicas-do-mundo-de-sines-costa-alentejana-portugal","status":"publish","type":"post","link":"http:\/\/staging.ibermusicas.org\/index.php\/la-banda-brasilera-graveola-sera-parte-de-la-programacion-del-festival-musicas-do-mundo-de-sines-costa-alentejana-portugal\/","title":{"rendered":"La banda brasilera GRAVEOLA ser\u00e1 parte de la programaci\u00f3n del FESTIVAL M\u00daSICAS DO MUNDO de Sines, Costa Alentejana, Portugal"},"content":{"rendered":"<p><span data-sheets-value=\"{&quot;1&quot;:2,&quot;2&quot;:&quot;GRAVEOLA es una banda brasilera, oriunda de Belo Horizonte, Minas Gerais que construy\u00f3 su propuesta l\u00edrica y musical a partir de una mixtura de varios niveles de discurso: lo sofisticado y lo popular, la cultura chatarra, la pseudo erudici\u00f3n y la experimentaci\u00f3n. Regresan al FMM llevando su nuevo disco \u201cCamale\u00e3o Borboleta\u201d.&quot;}\" data-sheets-userformat=\"{&quot;2&quot;:513,&quot;3&quot;:{&quot;1&quot;:0},&quot;12&quot;:0}\">GRAVEOLA es una banda brasilera, oriunda de Belo Horizonte, Minas Gerais que construy\u00f3 su propuesta l\u00edrica y musical a partir de una mixtura de varios niveles de discurso: lo sofisticado y lo popular, la cultura chatarra, la pseudo erudici\u00f3n y la experimentaci\u00f3n. Regresan al FMM llevando su nuevo disco \u201cCamale\u00e3o Borboleta\u201d.<\/span><\/p>\n","protected":false},"excerpt":{"rendered":"<p>GRAVEOLA es una banda brasilera, oriunda de Belo Horizonte, Minas Gerais que construy\u00f3 su propuesta l\u00edrica y musical a partir de una mixtura de varios niveles de discurso: lo sofisticado y lo popular, la cultura chatarra, la pseudo erudici\u00f3n y la experimentaci\u00f3n. Regresan al FMM llevando su nuevo disco \u201cCamale\u00e3o Borboleta\u201d.<\/p>\n","protected":false},"author":1,"featured_media":6153,"comment_status":"closed","ping_status":"closed","sticky":false,"template":"","format":"standard","meta":{"footnotes":""},"categories":[53],"tags":[],"class_list":["post-6152","post","type-post","status-publish","format-standard","has-post-thumbnail","hentry","category-noticias-generales"],"lang":"es","translations":{"es":6152},"pll_sync_post":[],"post_mailing_queue_ids":[],"_links":{"self":[{"href":"http:\/\/staging.ibermusicas.org\/index.php\/wp-json\/wp\/v2\/posts\/6152","targetHints":{"allow":["GET"]}}],"collection":[{"href":"http:\/\/staging.ibermusicas.org\/index.php\/wp-json\/wp\/v2\/posts"}],"about":[{"href":"http:\/\/staging.ibermusicas.org\/index.php\/wp-json\/wp\/v2\/types\/post"}],"author":[{"embeddable":true,"href":"http:\/\/staging.ibermusicas.org\/index.php\/wp-json\/wp\/v2\/users\/1"}],"replies":[{"embeddable":true,"href":"http:\/\/staging.ibermusicas.org\/index.php\/wp-json\/wp\/v2\/comments?post=6152"}],"version-history":[{"count":1,"href":"http:\/\/staging.ibermusicas.org\/index.php\/wp-json\/wp\/v2\/posts\/6152\/revisions"}],"predecessor-version":[{"id":6154,"href":"http:\/\/staging.ibermusicas.org\/index.php\/wp-json\/wp\/v2\/posts\/6152\/revisions\/6154"}],"wp:featuredmedia":[{"embeddable":true,"href":"http:\/\/staging.ibermusicas.org\/index.php\/wp-json\/wp\/v2\/media\/6153"}],"wp:attachment":[{"href":"http:\/\/staging.ibermusicas.org\/index.php\/wp-json\/wp\/v2\/media?parent=6152"}],"wp:term":[{"taxonomy":"category","embeddable":true,"href":"http:\/\/staging.ibermusicas.org\/index.php\/wp-json\/wp\/v2\/categories?post=6152"},{"taxonomy":"post_tag","embeddable":true,"href":"http:\/\/staging.ibermusicas.org\/index.php\/wp-json\/wp\/v2\/tags?post=6152"}],"curies":[{"name":"wp","href":"https:\/\/api.w.org\/{rel}","templated":true}]}}