{"id":6156,"date":"2016-07-08T13:17:38","date_gmt":"2016-07-08T13:17:38","guid":{"rendered":"http:\/\/staging.ibermusicas.org\/?p=6156"},"modified":"2021-05-10T13:18:47","modified_gmt":"2021-05-10T13:18:47","slug":"se-realizara-el-primer-simposio-de-musica-paraguaya-en-el-siglo-xxi-situacion-actual-y-perspectivas-de-futuro","status":"publish","type":"post","link":"http:\/\/staging.ibermusicas.org\/index.php\/se-realizara-el-primer-simposio-de-musica-paraguaya-en-el-siglo-xxi-situacion-actual-y-perspectivas-de-futuro\/","title":{"rendered":"Se realizar\u00e1 el PRIMER SIMPOSIO DE M\u00daSICA PARAGUAYA EN EL SIGLO XXI &#8211; Situaci\u00f3n actual y perspectivas de futuro"},"content":{"rendered":"<p><span data-sheets-value=\"{&quot;1&quot;:2,&quot;2&quot;:&quot;Del 13 al 15 de julio en la ciudad de Asunci\u00f3n del Paraguay se llevar\u00e1 adelante el PRIMER SIMPOSIO LA M\u00daSICA PARAGUAYA EN EL SIGLO XXI - Situaci\u00f3n actual y perspectivas de futuro con el objetivo de reunir a m\u00fasicos y estudiosos de la m\u00fasica paraguaya y latinoamericana para sumar informaci\u00f3n, construir conocimientos y establecer directrices para la formulaci\u00f3n de pol\u00edticas p\u00fablicas espec\u00edficas a la luz de aquellas referidas al campo de la cultura en general.&quot;}\" data-sheets-userformat=\"{&quot;2&quot;:513,&quot;3&quot;:{&quot;1&quot;:0},&quot;12&quot;:0}\">Del 13 al 15 de julio en la ciudad de Asunci\u00f3n del Paraguay se llevar\u00e1 adelante el PRIMER SIMPOSIO LA M\u00daSICA PARAGUAYA EN EL SIGLO XXI &#8211; Situaci\u00f3n actual y perspectivas de futuro con el objetivo de reunir a m\u00fasicos y estudiosos de la m\u00fasica paraguaya y latinoamericana para sumar informaci\u00f3n, construir conocimientos y establecer directrices para la formulaci\u00f3n de pol\u00edticas p\u00fablicas espec\u00edficas a la luz de aquellas referidas al campo de la cultura en general.<\/span><\/p>\n","protected":false},"excerpt":{"rendered":"<p>Del 13 al 15 de julio en la ciudad de Asunci\u00f3n del Paraguay se llevar\u00e1 adelante el PRIMER SIMPOSIO LA M\u00daSICA PARAGUAYA EN EL SIGLO XXI &#8211; Situaci\u00f3n actual y perspectivas de futuro con el objetivo de reunir a m\u00fasicos y estudiosos de la m\u00fasica paraguaya y latinoamericana para sumar informaci\u00f3n, construir conocimientos y establecer [&hellip;]<\/p>\n","protected":false},"author":1,"featured_media":6157,"comment_status":"closed","ping_status":"closed","sticky":false,"template":"","format":"standard","meta":{"footnotes":""},"categories":[53],"tags":[],"class_list":["post-6156","post","type-post","status-publish","format-standard","has-post-thumbnail","hentry","category-noticias-generales"],"lang":"es","translations":{"es":6156},"pll_sync_post":[],"post_mailing_queue_ids":[],"_links":{"self":[{"href":"http:\/\/staging.ibermusicas.org\/index.php\/wp-json\/wp\/v2\/posts\/6156","targetHints":{"allow":["GET"]}}],"collection":[{"href":"http:\/\/staging.ibermusicas.org\/index.php\/wp-json\/wp\/v2\/posts"}],"about":[{"href":"http:\/\/staging.ibermusicas.org\/index.php\/wp-json\/wp\/v2\/types\/post"}],"author":[{"embeddable":true,"href":"http:\/\/staging.ibermusicas.org\/index.php\/wp-json\/wp\/v2\/users\/1"}],"replies":[{"embeddable":true,"href":"http:\/\/staging.ibermusicas.org\/index.php\/wp-json\/wp\/v2\/comments?post=6156"}],"version-history":[{"count":2,"href":"http:\/\/staging.ibermusicas.org\/index.php\/wp-json\/wp\/v2\/posts\/6156\/revisions"}],"predecessor-version":[{"id":6159,"href":"http:\/\/staging.ibermusicas.org\/index.php\/wp-json\/wp\/v2\/posts\/6156\/revisions\/6159"}],"wp:featuredmedia":[{"embeddable":true,"href":"http:\/\/staging.ibermusicas.org\/index.php\/wp-json\/wp\/v2\/media\/6157"}],"wp:attachment":[{"href":"http:\/\/staging.ibermusicas.org\/index.php\/wp-json\/wp\/v2\/media?parent=6156"}],"wp:term":[{"taxonomy":"category","embeddable":true,"href":"http:\/\/staging.ibermusicas.org\/index.php\/wp-json\/wp\/v2\/categories?post=6156"},{"taxonomy":"post_tag","embeddable":true,"href":"http:\/\/staging.ibermusicas.org\/index.php\/wp-json\/wp\/v2\/tags?post=6156"}],"curies":[{"name":"wp","href":"https:\/\/api.w.org\/{rel}","templated":true}]}}