{"id":6166,"date":"2016-07-10T13:21:32","date_gmt":"2016-07-10T13:21:32","guid":{"rendered":"http:\/\/staging.ibermusicas.org\/?p=6166"},"modified":"2021-05-10T13:22:47","modified_gmt":"2021-05-10T13:22:47","slug":"hasta-el-7-de-agosto-permanece-abierta-la-inscripcion-para-residencias-artisticas-de-zona-lamm-laboratorio-de-artes-musicais-para-mulheres-en-belo-horizonte-minas-gerais-brasil","status":"publish","type":"post","link":"http:\/\/staging.ibermusicas.org\/index.php\/hasta-el-7-de-agosto-permanece-abierta-la-inscripcion-para-residencias-artisticas-de-zona-lamm-laboratorio-de-artes-musicais-para-mulheres-en-belo-horizonte-minas-gerais-brasil\/","title":{"rendered":"Hasta el 7 de agosto permanece abierta la inscripci\u00f3n para residencias art\u00edsticas de ZONA LAMM &#8211; LABORAT\u00d3RIO DE ARTES MUSICAIS PARA MULHERES en Belo Horizonte, Minas Gerais, Brasil."},"content":{"rendered":"<p><span data-sheets-value=\"{&quot;1&quot;:2,&quot;2&quot;:&quot;Zona LAMM es una propuesta de residencia art\u00edstica que invita a la interacci\u00f3n entre tres artistas de distintos universos musicales: la m\u00fasica tradicional, la electr\u00f3nica experimental y la m\u00fasica popular bailable. &quot;}\" data-sheets-userformat=\"{&quot;2&quot;:513,&quot;3&quot;:{&quot;1&quot;:0},&quot;12&quot;:0}\">Zona LAMM es una propuesta de residencia art\u00edstica que invita a la interacci\u00f3n entre tres artistas de distintos universos musicales: la m\u00fasica tradicional, la electr\u00f3nica experimental y la m\u00fasica popular bailable. <\/span><\/p>\n","protected":false},"excerpt":{"rendered":"<p>Zona LAMM es una propuesta de residencia art\u00edstica que invita a la interacci\u00f3n entre tres artistas de distintos universos musicales: la m\u00fasica tradicional, la electr\u00f3nica experimental y la m\u00fasica popular bailable.<\/p>\n","protected":false},"author":1,"featured_media":6167,"comment_status":"closed","ping_status":"closed","sticky":false,"template":"","format":"standard","meta":{"footnotes":""},"categories":[53],"tags":[],"class_list":["post-6166","post","type-post","status-publish","format-standard","has-post-thumbnail","hentry","category-noticias-generales"],"lang":"es","translations":{"es":6166},"pll_sync_post":[],"post_mailing_queue_ids":[],"_links":{"self":[{"href":"http:\/\/staging.ibermusicas.org\/index.php\/wp-json\/wp\/v2\/posts\/6166","targetHints":{"allow":["GET"]}}],"collection":[{"href":"http:\/\/staging.ibermusicas.org\/index.php\/wp-json\/wp\/v2\/posts"}],"about":[{"href":"http:\/\/staging.ibermusicas.org\/index.php\/wp-json\/wp\/v2\/types\/post"}],"author":[{"embeddable":true,"href":"http:\/\/staging.ibermusicas.org\/index.php\/wp-json\/wp\/v2\/users\/1"}],"replies":[{"embeddable":true,"href":"http:\/\/staging.ibermusicas.org\/index.php\/wp-json\/wp\/v2\/comments?post=6166"}],"version-history":[{"count":1,"href":"http:\/\/staging.ibermusicas.org\/index.php\/wp-json\/wp\/v2\/posts\/6166\/revisions"}],"predecessor-version":[{"id":6168,"href":"http:\/\/staging.ibermusicas.org\/index.php\/wp-json\/wp\/v2\/posts\/6166\/revisions\/6168"}],"wp:featuredmedia":[{"embeddable":true,"href":"http:\/\/staging.ibermusicas.org\/index.php\/wp-json\/wp\/v2\/media\/6167"}],"wp:attachment":[{"href":"http:\/\/staging.ibermusicas.org\/index.php\/wp-json\/wp\/v2\/media?parent=6166"}],"wp:term":[{"taxonomy":"category","embeddable":true,"href":"http:\/\/staging.ibermusicas.org\/index.php\/wp-json\/wp\/v2\/categories?post=6166"},{"taxonomy":"post_tag","embeddable":true,"href":"http:\/\/staging.ibermusicas.org\/index.php\/wp-json\/wp\/v2\/tags?post=6166"}],"curies":[{"name":"wp","href":"https:\/\/api.w.org\/{rel}","templated":true}]}}