{"id":6169,"date":"2016-07-29T13:29:06","date_gmt":"2016-07-29T13:29:06","guid":{"rendered":"http:\/\/staging.ibermusicas.org\/?p=6169"},"modified":"2021-05-10T13:30:17","modified_gmt":"2021-05-10T13:30:17","slug":"se-realizara-una-nueva-edicion-del-fest-neutral-chile-con-la-presencia-del-duo-mexicano-clubz","status":"publish","type":"post","link":"http:\/\/staging.ibermusicas.org\/index.php\/se-realizara-una-nueva-edicion-del-fest-neutral-chile-con-la-presencia-del-duo-mexicano-clubz\/","title":{"rendered":"Se realizar\u00e1 una nueva edici\u00f3n del FEST NEUTRAL CHILE con la presencia del d\u00fao Mexicano CLUBZ"},"content":{"rendered":"<p><span data-sheets-value=\"{&quot;1&quot;:2,&quot;2&quot;:&quot;Con un pie en el pop y el otro en la m\u00fasica experimental, ser\u00e1 el regreso del FESTIVAL NEUTRAL CHILE, que en su edici\u00f3n 2016 cambia de escenarios y se instala los d\u00edas 12, 13 y 14 de agosto para llenar la ciudad de Santiago de Chile con nuevas propuestas locales e internacionales.&quot;}\" data-sheets-userformat=\"{&quot;2&quot;:513,&quot;3&quot;:{&quot;1&quot;:0},&quot;12&quot;:0}\">Con un pie en el pop y el otro en la m\u00fasica experimental, ser\u00e1 el regreso del FESTIVAL NEUTRAL CHILE, que en su edici\u00f3n 2016 cambia de escenarios y se instala los d\u00edas 12, 13 y 14 de agosto para llenar la ciudad de Santiago de Chile con nuevas propuestas locales e internacionales.<\/span><\/p>\n","protected":false},"excerpt":{"rendered":"<p>Con un pie en el pop y el otro en la m\u00fasica experimental, ser\u00e1 el regreso del FESTIVAL NEUTRAL CHILE, que en su edici\u00f3n 2016 cambia de escenarios y se instala los d\u00edas 12, 13 y 14 de agosto para llenar la ciudad de Santiago de Chile con nuevas propuestas locales e internacionales.<\/p>\n","protected":false},"author":1,"featured_media":6170,"comment_status":"closed","ping_status":"closed","sticky":false,"template":"","format":"standard","meta":{"footnotes":""},"categories":[53],"tags":[],"class_list":["post-6169","post","type-post","status-publish","format-standard","has-post-thumbnail","hentry","category-noticias-generales"],"lang":"es","translations":{"es":6169},"pll_sync_post":[],"post_mailing_queue_ids":[],"_links":{"self":[{"href":"http:\/\/staging.ibermusicas.org\/index.php\/wp-json\/wp\/v2\/posts\/6169","targetHints":{"allow":["GET"]}}],"collection":[{"href":"http:\/\/staging.ibermusicas.org\/index.php\/wp-json\/wp\/v2\/posts"}],"about":[{"href":"http:\/\/staging.ibermusicas.org\/index.php\/wp-json\/wp\/v2\/types\/post"}],"author":[{"embeddable":true,"href":"http:\/\/staging.ibermusicas.org\/index.php\/wp-json\/wp\/v2\/users\/1"}],"replies":[{"embeddable":true,"href":"http:\/\/staging.ibermusicas.org\/index.php\/wp-json\/wp\/v2\/comments?post=6169"}],"version-history":[{"count":1,"href":"http:\/\/staging.ibermusicas.org\/index.php\/wp-json\/wp\/v2\/posts\/6169\/revisions"}],"predecessor-version":[{"id":6171,"href":"http:\/\/staging.ibermusicas.org\/index.php\/wp-json\/wp\/v2\/posts\/6169\/revisions\/6171"}],"wp:featuredmedia":[{"embeddable":true,"href":"http:\/\/staging.ibermusicas.org\/index.php\/wp-json\/wp\/v2\/media\/6170"}],"wp:attachment":[{"href":"http:\/\/staging.ibermusicas.org\/index.php\/wp-json\/wp\/v2\/media?parent=6169"}],"wp:term":[{"taxonomy":"category","embeddable":true,"href":"http:\/\/staging.ibermusicas.org\/index.php\/wp-json\/wp\/v2\/categories?post=6169"},{"taxonomy":"post_tag","embeddable":true,"href":"http:\/\/staging.ibermusicas.org\/index.php\/wp-json\/wp\/v2\/tags?post=6169"}],"curies":[{"name":"wp","href":"https:\/\/api.w.org\/{rel}","templated":true}]}}