{"id":6172,"date":"2016-08-03T13:31:10","date_gmt":"2016-08-03T13:31:10","guid":{"rendered":"http:\/\/staging.ibermusicas.org\/?p=6172"},"modified":"2021-05-10T13:32:12","modified_gmt":"2021-05-10T13:32:12","slug":"la-talentosa-compositora-y-cantante-argentina-analia-garcetti-sera-parte-de-la-programacion-del-festival-bandola-sevilla-2016-de-colombia","status":"publish","type":"post","link":"http:\/\/staging.ibermusicas.org\/index.php\/la-talentosa-compositora-y-cantante-argentina-analia-garcetti-sera-parte-de-la-programacion-del-festival-bandola-sevilla-2016-de-colombia\/","title":{"rendered":"La talentosa compositora y cantante argentina ANAL\u00cdA GARCETTI ser\u00e1 parte de la programaci\u00f3n del FESTIVAL BANDOLA SEVILLA 2016 de Colombia"},"content":{"rendered":"<p><span data-sheets-value=\"{&quot;1&quot;:2,&quot;2&quot;:&quot;La compositora y cantante mendocina viaja a Sevilla, la capital cafetera de Colombia, para formar parte junto a destacados artistas intenacionales como Martha Elena Hoyos de Colombia, Guadalupe Urbina de Costa Rica y el D\u00fao Coplanacu de Argentina de la programaci\u00f3n del FESTIVAL BANDOLA SEVILLA 2016.\\r \\r &quot;}\" data-sheets-userformat=\"{&quot;2&quot;:513,&quot;3&quot;:{&quot;1&quot;:0},&quot;12&quot;:0}\">La compositora y cantante mendocina viaja a Sevilla, la capital cafetera de Colombia, para formar parte junto a destacados artistas intenacionales como Martha Elena Hoyos de Colombia, Guadalupe Urbina de Costa Rica y el D\u00fao Coplanacu de Argentina de la programaci\u00f3n del FESTIVAL BANDOLA SEVILLA 2016. <\/span><\/p>\n","protected":false},"excerpt":{"rendered":"<p>La compositora y cantante mendocina viaja a Sevilla, la capital cafetera de Colombia, para formar parte junto a destacados artistas intenacionales como Martha Elena Hoyos de Colombia, Guadalupe Urbina de Costa Rica y el D\u00fao Coplanacu de Argentina de la programaci\u00f3n del FESTIVAL BANDOLA SEVILLA 2016.<\/p>\n","protected":false},"author":1,"featured_media":6173,"comment_status":"closed","ping_status":"closed","sticky":false,"template":"","format":"standard","meta":{"footnotes":""},"categories":[53],"tags":[],"class_list":["post-6172","post","type-post","status-publish","format-standard","has-post-thumbnail","hentry","category-noticias-generales"],"lang":"es","translations":{"es":6172},"pll_sync_post":[],"post_mailing_queue_ids":[],"_links":{"self":[{"href":"http:\/\/staging.ibermusicas.org\/index.php\/wp-json\/wp\/v2\/posts\/6172","targetHints":{"allow":["GET"]}}],"collection":[{"href":"http:\/\/staging.ibermusicas.org\/index.php\/wp-json\/wp\/v2\/posts"}],"about":[{"href":"http:\/\/staging.ibermusicas.org\/index.php\/wp-json\/wp\/v2\/types\/post"}],"author":[{"embeddable":true,"href":"http:\/\/staging.ibermusicas.org\/index.php\/wp-json\/wp\/v2\/users\/1"}],"replies":[{"embeddable":true,"href":"http:\/\/staging.ibermusicas.org\/index.php\/wp-json\/wp\/v2\/comments?post=6172"}],"version-history":[{"count":1,"href":"http:\/\/staging.ibermusicas.org\/index.php\/wp-json\/wp\/v2\/posts\/6172\/revisions"}],"predecessor-version":[{"id":6174,"href":"http:\/\/staging.ibermusicas.org\/index.php\/wp-json\/wp\/v2\/posts\/6172\/revisions\/6174"}],"wp:featuredmedia":[{"embeddable":true,"href":"http:\/\/staging.ibermusicas.org\/index.php\/wp-json\/wp\/v2\/media\/6173"}],"wp:attachment":[{"href":"http:\/\/staging.ibermusicas.org\/index.php\/wp-json\/wp\/v2\/media?parent=6172"}],"wp:term":[{"taxonomy":"category","embeddable":true,"href":"http:\/\/staging.ibermusicas.org\/index.php\/wp-json\/wp\/v2\/categories?post=6172"},{"taxonomy":"post_tag","embeddable":true,"href":"http:\/\/staging.ibermusicas.org\/index.php\/wp-json\/wp\/v2\/tags?post=6172"}],"curies":[{"name":"wp","href":"https:\/\/api.w.org\/{rel}","templated":true}]}}