{"id":6184,"date":"2016-10-20T13:50:41","date_gmt":"2016-10-20T13:50:41","guid":{"rendered":"http:\/\/staging.ibermusicas.org\/?p=6184"},"modified":"2021-05-10T13:52:33","modified_gmt":"2021-05-10T13:52:33","slug":"el-compositor-uruguayo-juan-chao-inicia-su-resicencia-compositiva-en-colombia-con-su-proyecto-atunkaa-ooulaka-anain-wayuu-sonar-y-ser-wayuu","status":"publish","type":"post","link":"http:\/\/staging.ibermusicas.org\/index.php\/el-compositor-uruguayo-juan-chao-inicia-su-resicencia-compositiva-en-colombia-con-su-proyecto-atunkaa-ooulaka-anain-wayuu-sonar-y-ser-wayuu\/","title":{"rendered":"El compositor uruguayo JUAN CHAO inicia su resicencia compositiva en Colombia con su proyecto ATUNKAA OO\u00b4ULAKA ANAIN WAYUU (So\u00f1ar y Ser Wayuu)"},"content":{"rendered":"<p><span data-sheets-value=\"{&quot;1&quot;:2,&quot;2&quot;:&quot;Desde el a\u00f1o 2010 el proyecto de investigaci\u00f3n etno-musical y educaci\u00f3n J. ROOTS de Juan Chao tiene como objetivo principal la uni\u00f3n entre ra\u00edces folkloricas y nuevas tecnolog\u00edas. &quot;}\" data-sheets-userformat=\"{&quot;2&quot;:513,&quot;3&quot;:{&quot;1&quot;:0},&quot;12&quot;:0}\">Desde el a\u00f1o 2010 el proyecto de investigaci\u00f3n etno-musical y educaci\u00f3n J. ROOTS de Juan Chao tiene como objetivo principal la uni\u00f3n entre ra\u00edces folkloricas y nuevas tecnolog\u00edas. <\/span><\/p>\n","protected":false},"excerpt":{"rendered":"<p>Desde el a\u00f1o 2010 el proyecto de investigaci\u00f3n etno-musical y educaci\u00f3n J. ROOTS de Juan Chao tiene como objetivo principal la uni\u00f3n entre ra\u00edces folkloricas y nuevas tecnolog\u00edas.<\/p>\n","protected":false},"author":1,"featured_media":6185,"comment_status":"closed","ping_status":"closed","sticky":false,"template":"","format":"standard","meta":{"footnotes":""},"categories":[53],"tags":[],"class_list":["post-6184","post","type-post","status-publish","format-standard","has-post-thumbnail","hentry","category-noticias-generales"],"lang":"es","translations":{"es":6184},"pll_sync_post":[],"post_mailing_queue_ids":[],"_links":{"self":[{"href":"http:\/\/staging.ibermusicas.org\/index.php\/wp-json\/wp\/v2\/posts\/6184","targetHints":{"allow":["GET"]}}],"collection":[{"href":"http:\/\/staging.ibermusicas.org\/index.php\/wp-json\/wp\/v2\/posts"}],"about":[{"href":"http:\/\/staging.ibermusicas.org\/index.php\/wp-json\/wp\/v2\/types\/post"}],"author":[{"embeddable":true,"href":"http:\/\/staging.ibermusicas.org\/index.php\/wp-json\/wp\/v2\/users\/1"}],"replies":[{"embeddable":true,"href":"http:\/\/staging.ibermusicas.org\/index.php\/wp-json\/wp\/v2\/comments?post=6184"}],"version-history":[{"count":1,"href":"http:\/\/staging.ibermusicas.org\/index.php\/wp-json\/wp\/v2\/posts\/6184\/revisions"}],"predecessor-version":[{"id":6186,"href":"http:\/\/staging.ibermusicas.org\/index.php\/wp-json\/wp\/v2\/posts\/6184\/revisions\/6186"}],"wp:featuredmedia":[{"embeddable":true,"href":"http:\/\/staging.ibermusicas.org\/index.php\/wp-json\/wp\/v2\/media\/6185"}],"wp:attachment":[{"href":"http:\/\/staging.ibermusicas.org\/index.php\/wp-json\/wp\/v2\/media?parent=6184"}],"wp:term":[{"taxonomy":"category","embeddable":true,"href":"http:\/\/staging.ibermusicas.org\/index.php\/wp-json\/wp\/v2\/categories?post=6184"},{"taxonomy":"post_tag","embeddable":true,"href":"http:\/\/staging.ibermusicas.org\/index.php\/wp-json\/wp\/v2\/tags?post=6184"}],"curies":[{"name":"wp","href":"https:\/\/api.w.org\/{rel}","templated":true}]}}