{"id":6190,"date":"2016-09-01T13:55:19","date_gmt":"2016-09-01T13:55:19","guid":{"rendered":"http:\/\/staging.ibermusicas.org\/?p=6190"},"modified":"2021-05-10T13:56:35","modified_gmt":"2021-05-10T13:56:35","slug":"del-15-al-17-de-septiembre-de-2016-se-realizara-en-la-habana-cuba-el-ii-coloquio-de-investigacion-musical-ibermusicas","status":"publish","type":"post","link":"http:\/\/staging.ibermusicas.org\/index.php\/del-15-al-17-de-septiembre-de-2016-se-realizara-en-la-habana-cuba-el-ii-coloquio-de-investigacion-musical-ibermusicas\/","title":{"rendered":"Del 15 al 17 de septiembre de 2016 se realizar\u00e1 en La Habana, Cuba el II COLOQUIO DE INVESTIGACI\u00d3N MUSICAL IBERM\u00daSICAS"},"content":{"rendered":"<p><span data-sheets-value=\"{&quot;1&quot;:2,&quot;2&quot;:&quot;Con el auspicio de Iberm\u00fasicas en coordinaci\u00f3n con el Centro de Investigaci\u00f3n y Desarrollo de la M\u00fasica Cubana del Instituto Cubano de la M\u00fasica se llevar\u00e1 a cabo el II Coloquio de Investigaci\u00f3n Musical Iberm\u00fasicas que versar\u00e1 sobre la \u201cInvestigaci\u00f3n Iberoamericana en m\u00fasica y sonido: campos emergentes y campos consolidados\u201d. Participar\u00e1n expertos de cada pa\u00eds integrante del acuerdo de Iberm\u00fasicas.&quot;}\" data-sheets-userformat=\"{&quot;2&quot;:513,&quot;3&quot;:{&quot;1&quot;:0},&quot;12&quot;:0}\">Con el auspicio de Iberm\u00fasicas en coordinaci\u00f3n con el Centro de Investigaci\u00f3n y Desarrollo de la M\u00fasica Cubana del Instituto Cubano de la M\u00fasica se llevar\u00e1 a cabo el II Coloquio de Investigaci\u00f3n Musical Iberm\u00fasicas que versar\u00e1 sobre la \u201cInvestigaci\u00f3n Iberoamericana en m\u00fasica y sonido: campos emergentes y campos consolidados\u201d. Participar\u00e1n expertos de cada pa\u00eds integrante del acuerdo de Iberm\u00fasicas.<\/span><\/p>\n","protected":false},"excerpt":{"rendered":"<p>Con el auspicio de Iberm\u00fasicas en coordinaci\u00f3n con el Centro de Investigaci\u00f3n y Desarrollo de la M\u00fasica Cubana del Instituto Cubano de la M\u00fasica se llevar\u00e1 a cabo el II Coloquio de Investigaci\u00f3n Musical Iberm\u00fasicas que versar\u00e1 sobre la \u201cInvestigaci\u00f3n Iberoamericana en m\u00fasica y sonido: campos emergentes y campos consolidados\u201d. Participar\u00e1n expertos de cada pa\u00eds [&hellip;]<\/p>\n","protected":false},"author":1,"featured_media":6191,"comment_status":"closed","ping_status":"closed","sticky":false,"template":"","format":"standard","meta":{"footnotes":""},"categories":[53],"tags":[],"class_list":["post-6190","post","type-post","status-publish","format-standard","has-post-thumbnail","hentry","category-noticias-generales"],"lang":"es","translations":{"es":6190},"pll_sync_post":[],"post_mailing_queue_ids":[],"_links":{"self":[{"href":"http:\/\/staging.ibermusicas.org\/index.php\/wp-json\/wp\/v2\/posts\/6190","targetHints":{"allow":["GET"]}}],"collection":[{"href":"http:\/\/staging.ibermusicas.org\/index.php\/wp-json\/wp\/v2\/posts"}],"about":[{"href":"http:\/\/staging.ibermusicas.org\/index.php\/wp-json\/wp\/v2\/types\/post"}],"author":[{"embeddable":true,"href":"http:\/\/staging.ibermusicas.org\/index.php\/wp-json\/wp\/v2\/users\/1"}],"replies":[{"embeddable":true,"href":"http:\/\/staging.ibermusicas.org\/index.php\/wp-json\/wp\/v2\/comments?post=6190"}],"version-history":[{"count":1,"href":"http:\/\/staging.ibermusicas.org\/index.php\/wp-json\/wp\/v2\/posts\/6190\/revisions"}],"predecessor-version":[{"id":6192,"href":"http:\/\/staging.ibermusicas.org\/index.php\/wp-json\/wp\/v2\/posts\/6190\/revisions\/6192"}],"wp:featuredmedia":[{"embeddable":true,"href":"http:\/\/staging.ibermusicas.org\/index.php\/wp-json\/wp\/v2\/media\/6191"}],"wp:attachment":[{"href":"http:\/\/staging.ibermusicas.org\/index.php\/wp-json\/wp\/v2\/media?parent=6190"}],"wp:term":[{"taxonomy":"category","embeddable":true,"href":"http:\/\/staging.ibermusicas.org\/index.php\/wp-json\/wp\/v2\/categories?post=6190"},{"taxonomy":"post_tag","embeddable":true,"href":"http:\/\/staging.ibermusicas.org\/index.php\/wp-json\/wp\/v2\/tags?post=6190"}],"curies":[{"name":"wp","href":"https:\/\/api.w.org\/{rel}","templated":true}]}}