{"id":6193,"date":"2016-09-10T13:56:44","date_gmt":"2016-09-10T13:56:44","guid":{"rendered":"http:\/\/staging.ibermusicas.org\/?p=6193"},"modified":"2021-05-10T13:58:02","modified_gmt":"2021-05-10T13:58:02","slug":"se-anuncia-el-ganador-del-segundo-concurso-iberoamericano-de-composicion-para-banda-sinfonica-ibermusicas-oaxaca","status":"publish","type":"post","link":"http:\/\/staging.ibermusicas.org\/index.php\/se-anuncia-el-ganador-del-segundo-concurso-iberoamericano-de-composicion-para-banda-sinfonica-ibermusicas-oaxaca\/","title":{"rendered":"Se anuncia el ganador del segundo concurso iberoamericano de composici\u00f3n para banda sinf\u00f3nica \u00abIberm\u00fasicas &#8211; Oaxaca\u00bb"},"content":{"rendered":"<p><span data-sheets-value=\"{&quot;1&quot;:2,&quot;2&quot;:&quot;El programa de Fomento de las M\u00fasicas Iberoamericanas IBERM\u00daSICAS junto a la Secretar\u00eda para la Cultura y las Artes de Oaxaca y el Centro de las Artes de San Agust\u00edn Etla, a trav\u00e9s del Taller de Creaci\u00f3n Musical, tienen el agrado de anunciar a la obra ganadora del SEGUNDO CONCURSO IBEROAMERICANO DE COMPOSICION PARA BANDA SINFONICA \u201cIBERMUSICAS \u2013 OAXACA\u201d.&quot;}\" data-sheets-userformat=\"{&quot;2&quot;:513,&quot;3&quot;:{&quot;1&quot;:0},&quot;12&quot;:0}\">El programa de Fomento de las M\u00fasicas Iberoamericanas IBERM\u00daSICAS junto a la Secretar\u00eda para la Cultura y las Artes de Oaxaca y el Centro de las Artes de San Agust\u00edn Etla, a trav\u00e9s del Taller de Creaci\u00f3n Musical, tienen el agrado de anunciar a la obra ganadora del SEGUNDO CONCURSO IBEROAMERICANO DE COMPOSICION PARA BANDA SINFONICA \u201cIBERMUSICAS \u2013 OAXACA\u201d.<\/span><\/p>\n","protected":false},"excerpt":{"rendered":"<p>El programa de Fomento de las M\u00fasicas Iberoamericanas IBERM\u00daSICAS junto a la Secretar\u00eda para la Cultura y las Artes de Oaxaca y el Centro de las Artes de San Agust\u00edn Etla, a trav\u00e9s del Taller de Creaci\u00f3n Musical, tienen el agrado de anunciar a la obra ganadora del SEGUNDO CONCURSO IBEROAMERICANO DE COMPOSICION PARA BANDA [&hellip;]<\/p>\n","protected":false},"author":1,"featured_media":6194,"comment_status":"closed","ping_status":"closed","sticky":false,"template":"","format":"standard","meta":{"footnotes":""},"categories":[53],"tags":[],"class_list":["post-6193","post","type-post","status-publish","format-standard","has-post-thumbnail","hentry","category-noticias-generales"],"lang":"es","translations":{"es":6193},"pll_sync_post":[],"post_mailing_queue_ids":[],"_links":{"self":[{"href":"http:\/\/staging.ibermusicas.org\/index.php\/wp-json\/wp\/v2\/posts\/6193","targetHints":{"allow":["GET"]}}],"collection":[{"href":"http:\/\/staging.ibermusicas.org\/index.php\/wp-json\/wp\/v2\/posts"}],"about":[{"href":"http:\/\/staging.ibermusicas.org\/index.php\/wp-json\/wp\/v2\/types\/post"}],"author":[{"embeddable":true,"href":"http:\/\/staging.ibermusicas.org\/index.php\/wp-json\/wp\/v2\/users\/1"}],"replies":[{"embeddable":true,"href":"http:\/\/staging.ibermusicas.org\/index.php\/wp-json\/wp\/v2\/comments?post=6193"}],"version-history":[{"count":1,"href":"http:\/\/staging.ibermusicas.org\/index.php\/wp-json\/wp\/v2\/posts\/6193\/revisions"}],"predecessor-version":[{"id":6195,"href":"http:\/\/staging.ibermusicas.org\/index.php\/wp-json\/wp\/v2\/posts\/6193\/revisions\/6195"}],"wp:featuredmedia":[{"embeddable":true,"href":"http:\/\/staging.ibermusicas.org\/index.php\/wp-json\/wp\/v2\/media\/6194"}],"wp:attachment":[{"href":"http:\/\/staging.ibermusicas.org\/index.php\/wp-json\/wp\/v2\/media?parent=6193"}],"wp:term":[{"taxonomy":"category","embeddable":true,"href":"http:\/\/staging.ibermusicas.org\/index.php\/wp-json\/wp\/v2\/categories?post=6193"},{"taxonomy":"post_tag","embeddable":true,"href":"http:\/\/staging.ibermusicas.org\/index.php\/wp-json\/wp\/v2\/tags?post=6193"}],"curies":[{"name":"wp","href":"https:\/\/api.w.org\/{rel}","templated":true}]}}