{"id":6199,"date":"2016-09-05T13:59:37","date_gmt":"2016-09-05T13:59:37","guid":{"rendered":"http:\/\/staging.ibermusicas.org\/?p=6199"},"modified":"2021-05-10T14:00:39","modified_gmt":"2021-05-10T14:00:39","slug":"el-cantautor-peruano-francois-paglau-se-presentara-en-bogota-colombia-en-el-marco-del-sexto-yaveria-festival-de-apoyo-mutuo","status":"publish","type":"post","link":"http:\/\/staging.ibermusicas.org\/index.php\/el-cantautor-peruano-francois-paglau-se-presentara-en-bogota-colombia-en-el-marco-del-sexto-yaveria-festival-de-apoyo-mutuo\/","title":{"rendered":"El cantautor peruano FRANCOIS PAGLAU se presentar\u00e1 en Bogot\u00e1, Colombia en el marco del SEXTO YAVER\u00cdA, festival de apoyo mutuo"},"content":{"rendered":"<p><span data-sheets-value=\"{&quot;1&quot;:2,&quot;2&quot;:&quot;Francois Paglau es un viajero que se inspira en el pop que se fabrica alrededor del mundo y crea sus \u00edntimas canciones mientras aguarda la ca\u00edda del capitalismo. Fue fundador de \\&quot;El Ghetto\\&quot; y \\&quot;Los Fuckin Sombreros\\&quot;, dos bandas emblem\u00e1ticas de la escena independiente peruana.\\r \\r &quot;}\" data-sheets-userformat=\"{&quot;2&quot;:513,&quot;3&quot;:{&quot;1&quot;:0},&quot;12&quot;:0}\">Francois Paglau es un viajero que se inspira en el pop que se fabrica alrededor del mundo y crea sus \u00edntimas canciones mientras aguarda la ca\u00edda del capitalismo. Fue fundador de \u00abEl Ghetto\u00bb y \u00abLos Fuckin Sombreros\u00bb, dos bandas emblem\u00e1ticas de la escena independiente peruana. <\/span><\/p>\n","protected":false},"excerpt":{"rendered":"<p>Francois Paglau es un viajero que se inspira en el pop que se fabrica alrededor del mundo y crea sus \u00edntimas canciones mientras aguarda la ca\u00edda del capitalismo. Fue fundador de \u00abEl Ghetto\u00bb y \u00abLos Fuckin Sombreros\u00bb, dos bandas emblem\u00e1ticas de la escena independiente peruana.<\/p>\n","protected":false},"author":1,"featured_media":6200,"comment_status":"closed","ping_status":"closed","sticky":false,"template":"","format":"standard","meta":{"footnotes":""},"categories":[53],"tags":[],"class_list":["post-6199","post","type-post","status-publish","format-standard","has-post-thumbnail","hentry","category-noticias-generales"],"lang":"es","translations":{"es":6199},"pll_sync_post":[],"post_mailing_queue_ids":[],"_links":{"self":[{"href":"http:\/\/staging.ibermusicas.org\/index.php\/wp-json\/wp\/v2\/posts\/6199","targetHints":{"allow":["GET"]}}],"collection":[{"href":"http:\/\/staging.ibermusicas.org\/index.php\/wp-json\/wp\/v2\/posts"}],"about":[{"href":"http:\/\/staging.ibermusicas.org\/index.php\/wp-json\/wp\/v2\/types\/post"}],"author":[{"embeddable":true,"href":"http:\/\/staging.ibermusicas.org\/index.php\/wp-json\/wp\/v2\/users\/1"}],"replies":[{"embeddable":true,"href":"http:\/\/staging.ibermusicas.org\/index.php\/wp-json\/wp\/v2\/comments?post=6199"}],"version-history":[{"count":1,"href":"http:\/\/staging.ibermusicas.org\/index.php\/wp-json\/wp\/v2\/posts\/6199\/revisions"}],"predecessor-version":[{"id":6201,"href":"http:\/\/staging.ibermusicas.org\/index.php\/wp-json\/wp\/v2\/posts\/6199\/revisions\/6201"}],"wp:featuredmedia":[{"embeddable":true,"href":"http:\/\/staging.ibermusicas.org\/index.php\/wp-json\/wp\/v2\/media\/6200"}],"wp:attachment":[{"href":"http:\/\/staging.ibermusicas.org\/index.php\/wp-json\/wp\/v2\/media?parent=6199"}],"wp:term":[{"taxonomy":"category","embeddable":true,"href":"http:\/\/staging.ibermusicas.org\/index.php\/wp-json\/wp\/v2\/categories?post=6199"},{"taxonomy":"post_tag","embeddable":true,"href":"http:\/\/staging.ibermusicas.org\/index.php\/wp-json\/wp\/v2\/tags?post=6199"}],"curies":[{"name":"wp","href":"https:\/\/api.w.org\/{rel}","templated":true}]}}