{"id":6206,"date":"2016-08-11T14:01:56","date_gmt":"2016-08-11T14:01:56","guid":{"rendered":"http:\/\/staging.ibermusicas.org\/?p=6206"},"modified":"2021-05-10T14:03:23","modified_gmt":"2021-05-10T14:03:23","slug":"el-maestro-hugo-rodriguez-tella-viajara-desde-paysandu-uruguay-a-cordoba-argentina-para-realizar-su-residencia-creativa-en-la-universidad-de-villa-maria","status":"publish","type":"post","link":"http:\/\/staging.ibermusicas.org\/index.php\/el-maestro-hugo-rodriguez-tella-viajara-desde-paysandu-uruguay-a-cordoba-argentina-para-realizar-su-residencia-creativa-en-la-universidad-de-villa-maria\/","title":{"rendered":"El maestro HUGO RODR\u00cdGUEZ TELLA viajar\u00e1 desde Paysand\u00fa, Uruguay a C\u00f3rdoba, Argentina para realizar su residencia creativa en la UNIVERSIDAD DE VILLA MAR\u00cdA"},"content":{"rendered":"<p><span data-sheets-value=\"{&quot;1&quot;:2,&quot;2&quot;:&quot;El proyecto de Hugo Rodr\u00edguez Tella se desarrollar\u00e1 en la Universidad Nacional de Villa Mar\u00eda, C\u00f3rdoba, Argentina.\\r &quot;}\" data-sheets-userformat=\"{&quot;2&quot;:513,&quot;3&quot;:{&quot;1&quot;:0},&quot;12&quot;:0}\">El proyecto de Hugo Rodr\u00edguez Tella se desarrollar\u00e1 en la Universidad Nacional de Villa Mar\u00eda, C\u00f3rdoba, Argentina. <\/span><\/p>\n","protected":false},"excerpt":{"rendered":"<p>El proyecto de Hugo Rodr\u00edguez Tella se desarrollar\u00e1 en la Universidad Nacional de Villa Mar\u00eda, C\u00f3rdoba, Argentina.<\/p>\n","protected":false},"author":1,"featured_media":6207,"comment_status":"closed","ping_status":"closed","sticky":false,"template":"","format":"standard","meta":{"footnotes":""},"categories":[53],"tags":[],"class_list":["post-6206","post","type-post","status-publish","format-standard","has-post-thumbnail","hentry","category-noticias-generales"],"lang":"es","translations":{"es":6206},"pll_sync_post":[],"post_mailing_queue_ids":[],"_links":{"self":[{"href":"http:\/\/staging.ibermusicas.org\/index.php\/wp-json\/wp\/v2\/posts\/6206","targetHints":{"allow":["GET"]}}],"collection":[{"href":"http:\/\/staging.ibermusicas.org\/index.php\/wp-json\/wp\/v2\/posts"}],"about":[{"href":"http:\/\/staging.ibermusicas.org\/index.php\/wp-json\/wp\/v2\/types\/post"}],"author":[{"embeddable":true,"href":"http:\/\/staging.ibermusicas.org\/index.php\/wp-json\/wp\/v2\/users\/1"}],"replies":[{"embeddable":true,"href":"http:\/\/staging.ibermusicas.org\/index.php\/wp-json\/wp\/v2\/comments?post=6206"}],"version-history":[{"count":2,"href":"http:\/\/staging.ibermusicas.org\/index.php\/wp-json\/wp\/v2\/posts\/6206\/revisions"}],"predecessor-version":[{"id":6209,"href":"http:\/\/staging.ibermusicas.org\/index.php\/wp-json\/wp\/v2\/posts\/6206\/revisions\/6209"}],"wp:featuredmedia":[{"embeddable":true,"href":"http:\/\/staging.ibermusicas.org\/index.php\/wp-json\/wp\/v2\/media\/6207"}],"wp:attachment":[{"href":"http:\/\/staging.ibermusicas.org\/index.php\/wp-json\/wp\/v2\/media?parent=6206"}],"wp:term":[{"taxonomy":"category","embeddable":true,"href":"http:\/\/staging.ibermusicas.org\/index.php\/wp-json\/wp\/v2\/categories?post=6206"},{"taxonomy":"post_tag","embeddable":true,"href":"http:\/\/staging.ibermusicas.org\/index.php\/wp-json\/wp\/v2\/tags?post=6206"}],"curies":[{"name":"wp","href":"https:\/\/api.w.org\/{rel}","templated":true}]}}