{"id":6459,"date":"2016-09-01T02:45:39","date_gmt":"2016-09-01T02:45:39","guid":{"rendered":"http:\/\/staging.ibermusicas.org\/?p=6459"},"modified":"2021-05-26T02:48:34","modified_gmt":"2021-05-26T02:48:34","slug":"continua-abierta-hasta-el-16-de-septiembre-la-convocatoria-de-creacion-musical-telar-de-santiago-de-chile","status":"publish","type":"post","link":"http:\/\/staging.ibermusicas.org\/index.php\/continua-abierta-hasta-el-16-de-septiembre-la-convocatoria-de-creacion-musical-telar-de-santiago-de-chile\/","title":{"rendered":"Contin\u00faa abierta hasta el 16 de septiembre la convocatoria de Creaci\u00f3n Musical TELAR, de Santiago de Chile"},"content":{"rendered":"<p>En el marco del Encuentro de M\u00fasica Latinoamericana 3\u00b0 versi\u00f3n 2016, TELAR sigue con su convocatoria a compositores para presentar obras a ser estrenadas por el Ensamble Telar de Chile. <\/p>\n","protected":false},"excerpt":{"rendered":"<p>En el marco del Encuentro de M\u00fasica Latinoamericana 3\u00b0 versi\u00f3n 2016, TELAR sigue con su convocatoria a compositores para presentar obras a ser estrenadas por el Ensamble Telar de Chile.<\/p>\n","protected":false},"author":1,"featured_media":6460,"comment_status":"closed","ping_status":"closed","sticky":false,"template":"","format":"standard","meta":{"footnotes":""},"categories":[53],"tags":[],"class_list":["post-6459","post","type-post","status-publish","format-standard","has-post-thumbnail","hentry","category-noticias-generales"],"lang":"es","translations":{"es":6459},"pll_sync_post":[],"post_mailing_queue_ids":[],"_links":{"self":[{"href":"http:\/\/staging.ibermusicas.org\/index.php\/wp-json\/wp\/v2\/posts\/6459","targetHints":{"allow":["GET"]}}],"collection":[{"href":"http:\/\/staging.ibermusicas.org\/index.php\/wp-json\/wp\/v2\/posts"}],"about":[{"href":"http:\/\/staging.ibermusicas.org\/index.php\/wp-json\/wp\/v2\/types\/post"}],"author":[{"embeddable":true,"href":"http:\/\/staging.ibermusicas.org\/index.php\/wp-json\/wp\/v2\/users\/1"}],"replies":[{"embeddable":true,"href":"http:\/\/staging.ibermusicas.org\/index.php\/wp-json\/wp\/v2\/comments?post=6459"}],"version-history":[{"count":1,"href":"http:\/\/staging.ibermusicas.org\/index.php\/wp-json\/wp\/v2\/posts\/6459\/revisions"}],"predecessor-version":[{"id":6461,"href":"http:\/\/staging.ibermusicas.org\/index.php\/wp-json\/wp\/v2\/posts\/6459\/revisions\/6461"}],"wp:featuredmedia":[{"embeddable":true,"href":"http:\/\/staging.ibermusicas.org\/index.php\/wp-json\/wp\/v2\/media\/6460"}],"wp:attachment":[{"href":"http:\/\/staging.ibermusicas.org\/index.php\/wp-json\/wp\/v2\/media?parent=6459"}],"wp:term":[{"taxonomy":"category","embeddable":true,"href":"http:\/\/staging.ibermusicas.org\/index.php\/wp-json\/wp\/v2\/categories?post=6459"},{"taxonomy":"post_tag","embeddable":true,"href":"http:\/\/staging.ibermusicas.org\/index.php\/wp-json\/wp\/v2\/tags?post=6459"}],"curies":[{"name":"wp","href":"https:\/\/api.w.org\/{rel}","templated":true}]}}