{"id":6462,"date":"2016-08-30T02:48:57","date_gmt":"2016-08-30T02:48:57","guid":{"rendered":"http:\/\/staging.ibermusicas.org\/?p=6462"},"modified":"2021-05-26T03:14:19","modified_gmt":"2021-05-26T03:14:19","slug":"la-banda-uruguaya-fixion-viaja-a-espana-para-ser-parte-de-la-programacion-del-winds-of-rock-fest-y-a-la-vez-presentarse-en-otros-escenarios-espanoles","status":"publish","type":"post","link":"http:\/\/staging.ibermusicas.org\/index.php\/la-banda-uruguaya-fixion-viaja-a-espana-para-ser-parte-de-la-programacion-del-winds-of-rock-fest-y-a-la-vez-presentarse-en-otros-escenarios-espanoles\/","title":{"rendered":"La banda uruguaya FIXION viaja a Espa\u00f1a para ser parte de la programaci\u00f3n del WINDS OF ROCK FEST y a la vez presentarse en otros escenarios espa\u00f1oles."},"content":{"rendered":"<p>Fixion, la banda integrada por Daniel Bonilla, Federico Recarey, Fernando Alfaro y Luc\u00eda Varela se form\u00f3 en Montevideo a finales del a\u00f1o 2001. <\/p>\n","protected":false},"excerpt":{"rendered":"<p>Fixion, la banda integrada por Daniel Bonilla, Federico Recarey, Fernando Alfaro y Luc\u00eda Varela se form\u00f3 en Montevideo a finales del a\u00f1o 2001.<\/p>\n","protected":false},"author":1,"featured_media":6463,"comment_status":"closed","ping_status":"closed","sticky":false,"template":"","format":"standard","meta":{"footnotes":""},"categories":[53],"tags":[],"class_list":["post-6462","post","type-post","status-publish","format-standard","has-post-thumbnail","hentry","category-noticias-generales"],"lang":"es","translations":{"es":6462},"pll_sync_post":[],"post_mailing_queue_ids":[],"_links":{"self":[{"href":"http:\/\/staging.ibermusicas.org\/index.php\/wp-json\/wp\/v2\/posts\/6462","targetHints":{"allow":["GET"]}}],"collection":[{"href":"http:\/\/staging.ibermusicas.org\/index.php\/wp-json\/wp\/v2\/posts"}],"about":[{"href":"http:\/\/staging.ibermusicas.org\/index.php\/wp-json\/wp\/v2\/types\/post"}],"author":[{"embeddable":true,"href":"http:\/\/staging.ibermusicas.org\/index.php\/wp-json\/wp\/v2\/users\/1"}],"replies":[{"embeddable":true,"href":"http:\/\/staging.ibermusicas.org\/index.php\/wp-json\/wp\/v2\/comments?post=6462"}],"version-history":[{"count":1,"href":"http:\/\/staging.ibermusicas.org\/index.php\/wp-json\/wp\/v2\/posts\/6462\/revisions"}],"predecessor-version":[{"id":6464,"href":"http:\/\/staging.ibermusicas.org\/index.php\/wp-json\/wp\/v2\/posts\/6462\/revisions\/6464"}],"wp:featuredmedia":[{"embeddable":true,"href":"http:\/\/staging.ibermusicas.org\/index.php\/wp-json\/wp\/v2\/media\/6463"}],"wp:attachment":[{"href":"http:\/\/staging.ibermusicas.org\/index.php\/wp-json\/wp\/v2\/media?parent=6462"}],"wp:term":[{"taxonomy":"category","embeddable":true,"href":"http:\/\/staging.ibermusicas.org\/index.php\/wp-json\/wp\/v2\/categories?post=6462"},{"taxonomy":"post_tag","embeddable":true,"href":"http:\/\/staging.ibermusicas.org\/index.php\/wp-json\/wp\/v2\/tags?post=6462"}],"curies":[{"name":"wp","href":"https:\/\/api.w.org\/{rel}","templated":true}]}}