{"id":6468,"date":"2016-11-06T03:18:26","date_gmt":"2016-11-06T03:18:26","guid":{"rendered":"http:\/\/staging.ibermusicas.org\/?p=6468"},"modified":"2021-05-26T03:20:23","modified_gmt":"2021-05-26T03:20:23","slug":"la-legendaria-banda-brasilena-nacao-zumbi-llega-al-festival-ciudad-emergente-en-el-marco-de-conexao-pernambuco","status":"publish","type":"post","link":"http:\/\/staging.ibermusicas.org\/index.php\/la-legendaria-banda-brasilena-nacao-zumbi-llega-al-festival-ciudad-emergente-en-el-marco-de-conexao-pernambuco\/","title":{"rendered":"La legendaria banda brasile\u00f1a NA\u00c7\u00c3O ZUMBI llega al FESTIVAL CIUDAD EMERGENTE en el marco de Conex\u00e3o Pernambuco"},"content":{"rendered":"<p>Na\u00e7\u00e3o Zumbi es una de las m\u00e1s importantes e influyentes bandas brasile\u00f1as de rock de todos los tiempos. <\/p>\n","protected":false},"excerpt":{"rendered":"<p>Na\u00e7\u00e3o Zumbi es una de las m\u00e1s importantes e influyentes bandas brasile\u00f1as de rock de todos los tiempos.<\/p>\n","protected":false},"author":1,"featured_media":6469,"comment_status":"closed","ping_status":"closed","sticky":false,"template":"","format":"standard","meta":{"footnotes":""},"categories":[53],"tags":[],"class_list":["post-6468","post","type-post","status-publish","format-standard","has-post-thumbnail","hentry","category-noticias-generales"],"lang":"es","translations":{"es":6468},"pll_sync_post":[],"post_mailing_queue_ids":[],"_links":{"self":[{"href":"http:\/\/staging.ibermusicas.org\/index.php\/wp-json\/wp\/v2\/posts\/6468","targetHints":{"allow":["GET"]}}],"collection":[{"href":"http:\/\/staging.ibermusicas.org\/index.php\/wp-json\/wp\/v2\/posts"}],"about":[{"href":"http:\/\/staging.ibermusicas.org\/index.php\/wp-json\/wp\/v2\/types\/post"}],"author":[{"embeddable":true,"href":"http:\/\/staging.ibermusicas.org\/index.php\/wp-json\/wp\/v2\/users\/1"}],"replies":[{"embeddable":true,"href":"http:\/\/staging.ibermusicas.org\/index.php\/wp-json\/wp\/v2\/comments?post=6468"}],"version-history":[{"count":1,"href":"http:\/\/staging.ibermusicas.org\/index.php\/wp-json\/wp\/v2\/posts\/6468\/revisions"}],"predecessor-version":[{"id":6470,"href":"http:\/\/staging.ibermusicas.org\/index.php\/wp-json\/wp\/v2\/posts\/6468\/revisions\/6470"}],"wp:featuredmedia":[{"embeddable":true,"href":"http:\/\/staging.ibermusicas.org\/index.php\/wp-json\/wp\/v2\/media\/6469"}],"wp:attachment":[{"href":"http:\/\/staging.ibermusicas.org\/index.php\/wp-json\/wp\/v2\/media?parent=6468"}],"wp:term":[{"taxonomy":"category","embeddable":true,"href":"http:\/\/staging.ibermusicas.org\/index.php\/wp-json\/wp\/v2\/categories?post=6468"},{"taxonomy":"post_tag","embeddable":true,"href":"http:\/\/staging.ibermusicas.org\/index.php\/wp-json\/wp\/v2\/tags?post=6468"}],"curies":[{"name":"wp","href":"https:\/\/api.w.org\/{rel}","templated":true}]}}