{"id":6471,"date":"2016-09-30T03:20:34","date_gmt":"2016-09-30T03:20:34","guid":{"rendered":"http:\/\/staging.ibermusicas.org\/?p=6471"},"modified":"2021-05-26T03:24:41","modified_gmt":"2021-05-26T03:24:41","slug":"la-agrupacion-argentina-julio-agosto-realizara-su-gira-mexicana-en-los-meses-de-octubre-y-noviembre","status":"publish","type":"post","link":"http:\/\/staging.ibermusicas.org\/index.php\/la-agrupacion-argentina-julio-agosto-realizara-su-gira-mexicana-en-los-meses-de-octubre-y-noviembre\/","title":{"rendered":"La agrupaci\u00f3n argentina JULIO &#038; AGOSTO realizar\u00e1 su gira mexicana en los meses de octubre y noviembre"},"content":{"rendered":"<p>Julio &#038; Agosto es un septeto de j\u00f3venes m\u00fasicos de Buenos Aires y una de las agrupaciones con m\u00e1s crecimiento en la pujante escena under porte\u00f1a.<\/p>\n","protected":false},"excerpt":{"rendered":"<p>Julio &#038; Agosto es un septeto de j\u00f3venes m\u00fasicos de Buenos Aires y una de las agrupaciones con m\u00e1s crecimiento en la pujante escena under porte\u00f1a.<\/p>\n","protected":false},"author":1,"featured_media":6472,"comment_status":"closed","ping_status":"closed","sticky":false,"template":"","format":"standard","meta":{"footnotes":""},"categories":[53],"tags":[],"class_list":["post-6471","post","type-post","status-publish","format-standard","has-post-thumbnail","hentry","category-noticias-generales"],"lang":"es","translations":{"es":6471},"pll_sync_post":[],"post_mailing_queue_ids":[],"_links":{"self":[{"href":"http:\/\/staging.ibermusicas.org\/index.php\/wp-json\/wp\/v2\/posts\/6471","targetHints":{"allow":["GET"]}}],"collection":[{"href":"http:\/\/staging.ibermusicas.org\/index.php\/wp-json\/wp\/v2\/posts"}],"about":[{"href":"http:\/\/staging.ibermusicas.org\/index.php\/wp-json\/wp\/v2\/types\/post"}],"author":[{"embeddable":true,"href":"http:\/\/staging.ibermusicas.org\/index.php\/wp-json\/wp\/v2\/users\/1"}],"replies":[{"embeddable":true,"href":"http:\/\/staging.ibermusicas.org\/index.php\/wp-json\/wp\/v2\/comments?post=6471"}],"version-history":[{"count":1,"href":"http:\/\/staging.ibermusicas.org\/index.php\/wp-json\/wp\/v2\/posts\/6471\/revisions"}],"predecessor-version":[{"id":6473,"href":"http:\/\/staging.ibermusicas.org\/index.php\/wp-json\/wp\/v2\/posts\/6471\/revisions\/6473"}],"wp:featuredmedia":[{"embeddable":true,"href":"http:\/\/staging.ibermusicas.org\/index.php\/wp-json\/wp\/v2\/media\/6472"}],"wp:attachment":[{"href":"http:\/\/staging.ibermusicas.org\/index.php\/wp-json\/wp\/v2\/media?parent=6471"}],"wp:term":[{"taxonomy":"category","embeddable":true,"href":"http:\/\/staging.ibermusicas.org\/index.php\/wp-json\/wp\/v2\/categories?post=6471"},{"taxonomy":"post_tag","embeddable":true,"href":"http:\/\/staging.ibermusicas.org\/index.php\/wp-json\/wp\/v2\/tags?post=6471"}],"curies":[{"name":"wp","href":"https:\/\/api.w.org\/{rel}","templated":true}]}}